{"id":10986,"date":"2023-02-28T11:57:31","date_gmt":"2023-02-28T10:57:31","guid":{"rendered":"https:\/\/smart-pro.org\/en\/2023\/02\/28\/eine-million-tonnen-selten-erden-copy\/"},"modified":"2023-02-28T17:03:56","modified_gmt":"2023-02-28T16:03:56","slug":"schmutziges-geschaeft-der-kampf-um-die-seltenen-erden","status":"publish","type":"post","link":"https:\/\/smart-pro.org\/en\/blog\/2023\/02\/28\/schmutziges-geschaeft-der-kampf-um-die-seltenen-erden\/","title":{"rendered":"Der Kampf um die Seltenen Erden: Prof. Goll bei SWR2"},"content":{"rendered":"<p>[et_pb_section fb_built=&#8221;1&#8243; _builder_version=&#8221;4.19.2&#8243; custom_margin=&#8221;0px|0px|0px|0px|false|false&#8221; custom_padding=&#8221;0px|0px|0px|0px|false|false&#8221; global_colors_info=&#8221;{}&#8221;][et_pb_row _builder_version=&#8221;4.19.2&#8243; background_size=&#8221;initial&#8221; background_position=&#8221;top_left&#8221; background_repeat=&#8221;repeat&#8221; custom_margin=&#8221;0px|0px|0px|auto|false|false&#8221; custom_padding=&#8221;0px|0px|0px|0px|false|false&#8221; global_colors_info=&#8221;{}&#8221;][et_pb_column type=&#8221;4_4&#8243; _builder_version=&#8221;4.16&#8243; custom_padding=&#8221;|||&#8221; global_colors_info=&#8221;{}&#8221; custom_padding__hover=&#8221;|||&#8221;][et_pb_text _builder_version=&#8221;4.19.2&#8243; background_size=&#8221;initial&#8221; background_position=&#8221;top_left&#8221; background_repeat=&#8221;repeat&#8221; custom_margin=&#8221;0px|0px|0px|0px|false|false&#8221; custom_padding=&#8221;0px|0px|0px|0px|false|false&#8221; global_colors_info=&#8221;{}&#8221;]<\/p>\n<p>&nbsp;<\/p>\n<h5>SmartPro-Sprecherin Prof. Dr. Dagmar Goll diskutiert mit weiteren Experten in einer Sendung des SWR2 zu Seltenen Erden <strong><\/strong><\/h5>\n<p>&nbsp;<\/p>\n<p>Deutschland ist ein rohstoffarmes Land. Wir sind nicht nur bei Energie auf andere angewiesen: kritische Metalle und Seltene Erden \u2013 ohne sie geht moderne Technik nicht. Und wenn wir bei Erdgas eine fatale Bindung an Russland hatten, ist der kritische Partner bei vielen anderen Rohstoffen China.<\/p>\n<p><strong>Wie gro\u00df ist der Schaden, warum sind wir abh\u00e4ngig, und wie kommen wir da weg?<\/strong><\/p>\n<p>SWR2-Redakteur Werner Eckert diskutierte mit Prof. Dr. <a href=\"mailto:Dagmar%20Goll\">Dagmar Goll<\/a> aus dem Leitungsteam des Instituts f\u00fcr Materialforschung (IMFAA) der Hochschule Aalen, sowie mit Prof. Dr. Hubertus Bardt, Institut der Deutschen Wirtschaft, K\u00f6ln, und Jakob Kullik, Politologe und Autor, Chemnitz. Die rund 45-min\u00fctige Gespr\u00e4chsrunde &#8220;SWR 2 Forum&#8221; wurde am 21. Februar bei SWR 2 ausgestrahlt und ist <a href=\"https:\/\/www.swr.de\/swr2\/leben-und-gesellschaft\/schmutziges-geschaeft-der-kampf-um-die-seltenen-erden-100.html\">hier<\/a> zum Anh\u00f6ren und Downloaden verf\u00fcgbar.\u00a0<\/p>\n<p>&nbsp;<\/p>\n<p>[\/et_pb_text][et_pb_divider color=&#8221;#000000&#8243; divider_position=&#8221;center&#8221; divider_weight=&#8221;3px&#8221; _builder_version=&#8221;4.16&#8243; _module_preset=&#8221;default&#8221; width=&#8221;35%&#8221; module_alignment=&#8221;center&#8221; global_colors_info=&#8221;{}&#8221;][\/et_pb_divider][et_pb_text _builder_version=&#8221;4.19.2&#8243; background_size=&#8221;initial&#8221; background_position=&#8221;top_left&#8221; background_repeat=&#8221;repeat&#8221; custom_padding=&#8221;0px|||0px|false|false&#8221; global_colors_info=&#8221;{}&#8221;]<\/p>\n<p><strong>\u00dcbrigens:<\/strong> Auch in der SmartPro-Forschung arbeitet das Team um Prof. Dr. Dagmar Goll und Prof. Dr. Gerhard Schneider daran, die Anteile von Seltenerdmetallen in Magnetwerkstoffen f\u00fcr Energiewandler wie E-Motoren oder Generatoren zu reduzieren \u2013 bei gleichbleibender oder sogar verbesserter Qualit\u00e4t und Effizienz. So k\u00f6nnen die kritischen Rohstoffe geschont und L\u00f6sungsans\u00e4tze f\u00fcr den Klimaschutz entwickelt werden.<\/p>\n<p>[\/et_pb_text][et_pb_divider color=&#8221;#000000&#8243; divider_position=&#8221;center&#8221; divider_weight=&#8221;3px&#8221; _builder_version=&#8221;4.16&#8243; _module_preset=&#8221;default&#8221; width=&#8221;35%&#8221; module_alignment=&#8221;center&#8221; global_colors_info=&#8221;{}&#8221;][\/et_pb_divider][et_pb_text _builder_version=&#8221;4.19.2&#8243; background_size=&#8221;initial&#8221; background_position=&#8221;top_left&#8221; background_repeat=&#8221;repeat&#8221; custom_padding=&#8221;0px|||0px|false|false&#8221; global_colors_info=&#8221;{}&#8221;]<\/p>\n<p><strong>Fotohinweis: <\/strong>SmartPro-Sprecherin Prof. Dr. Dagmar Goll bei einem Vortrag zu energieeffizienten Energiewandlern und den enthaltenen Magneten mit Seltenerdmetallen w\u00e4hrend des SmartPro-Partnerchaftstreffens 2022. | \u00a9 Hochschule Aalen, Peter Schlipf<\/p>\n<p>[\/et_pb_text][\/et_pb_column][\/et_pb_row][\/et_pb_section]<\/p>\n","protected":false},"excerpt":{"rendered":"<p>Deutschland ist ein rohstoffarmes Land. Nicht nur bei Energie sind wir auf andere angewiesen, sondern auch bei kritischen Metallen und Seltenen Erden, die f\u00fcr moderne Technologien unentbehrlich sind. Dazu hat SmartPro-Sprecherin Prof. Dr. Dagmar Goll in einer Sendung des SWR2 mit weiteren Experten diskutiert.<\/p>\n","protected":false},"author":2,"featured_media":10997,"comment_status":"open","ping_status":"closed","sticky":false,"template":"","format":"standard","meta":{"_acf_changed":false,"_et_pb_use_builder":"on","_et_pb_old_content":"<em>Technologietag Leichtbau Regional in Schw\u00e4bisch Gm\u00fcnd<\/em>\r\n\r\n<strong class=\"date\">Fr, 26. Oktober 2018<\/strong>\u00a0<span class=\"gray\">\u2192<\/span>\u00a0Wie wichtig der Technologietag Leichtbau Regional als lokale Veranstaltung neben einer zentralen Konferenz in Stuttgart sei, betonte Dr. Wolfgang Seeliger, Gesch\u00e4ftsf\u00fchrer der Landesagentur Leichtbau BW, in seiner Begr\u00fc\u00dfung. Das Thema Leichtbau m\u00fcsse in die Fl\u00e4che getragen werden, um das gro\u00dfe Potential f\u00fcr die Herausforderungen der Zukunft wie den Klimawandel auszusch\u00f6pfen und Wettbewerbsf\u00e4higkeit und Wohlstand in der Region zu sichern.\r\n\r\n[caption id=\"attachment_1022\" align=\"alignnone\" width=\"768\"]<img class=\"wp-image-1022 size-large\" src=\"https:\/\/smart-pro.org\/en\/wp-content\/uploads\/sites\/2\/2018\/10\/181026_PM_Technologietag_Leichtbau_Regional_FotoKristinaLakomek-e1545054488606-768x1024.jpg\" alt=\"\" width=\"768\" height=\"1024\"> Hintere Reihe: Wolfgang Stoll, Prof. Dr. Markus Merkel\/HSA, Dr. Wolfgang Seeliger \/ Leichtbau BW; mittlere Reihe: J\u00f6rg Egelhaaf, Peter Schmidt\/IHK, vorne: Sarah W\u00f6rz\/IHK, Jan Grasmannsdorf, Dr. Wolfgang Rimkus\/HSA, Julian Schlosser\/HSA).[\/caption]\r\n\r\nBildnachweis\/Quelle:","_et_gb_content_width":"","iawp_total_views":0,"footnotes":""},"categories":[236,20],"tags":[381,272,25,23,261,116,208,359,347,184,382,358,22,77,262,380],"class_list":["post-10986","post","type-post","status-publish","format-standard","has-post-thumbnail","hentry","category-energy-converter","category-news","tag-china","tag-energiewandler","tag-forschung","tag-hochschule-aalen","tag-kooperationsnetzwerk","tag-magnete","tag-magnetwerkstoffe","tag-neodym","tag-partner","tag-partnerschaft","tag-rohstoffabhaengigkeit","tag-seltenerdmetalle","tag-smartpro","tag-transfer","tag-unternehmen","tag-zusammenarbeit-seltene-erden"],"acf":[],"yoast_head":"<!-- This site is optimized with the Yoast SEO plugin v25.8 - https:\/\/yoast.com\/wordpress\/plugins\/seo\/ -->\n<title>Der Kampf um die Seltenen Erden: Prof. Goll bei SWR2 - SmartPro \u2013 Key to Smart Products<\/title>\n<meta name=\"robots\" content=\"index, follow, max-snippet:-1, max-image-preview:large, max-video-preview:-1\" \/>\n<link rel=\"canonical\" href=\"https:\/\/smart-pro.org\/en\/blog\/2023\/02\/28\/schmutziges-geschaeft-der-kampf-um-die-seltenen-erden\/\" \/>\n<meta property=\"og:locale\" content=\"en_GB\" \/>\n<meta property=\"og:type\" content=\"article\" \/>\n<meta property=\"og:title\" content=\"Der Kampf um die Seltenen Erden: Prof. Goll bei SWR2 - SmartPro \u2013 Key to Smart Products\" \/>\n<meta property=\"og:description\" content=\"Deutschland ist ein rohstoffarmes Land. Nicht nur bei Energie sind wir auf andere angewiesen, sondern auch bei kritischen Metallen und Seltenen Erden, die f\u00fcr moderne Technologien unentbehrlich sind. Dazu hat SmartPro-Sprecherin Prof. Dr. Dagmar Goll in einer Sendung des SWR2 mit weiteren Experten diskutiert.\" \/>\n<meta property=\"og:url\" content=\"https:\/\/smart-pro.org\/en\/blog\/2023\/02\/28\/schmutziges-geschaeft-der-kampf-um-die-seltenen-erden\/\" \/>\n<meta property=\"og:site_name\" content=\"SmartPro \u2013 Key to Smart Products\" \/>\n<meta property=\"article:published_time\" content=\"2023-02-28T10:57:31+00:00\" \/>\n<meta property=\"article:modified_time\" content=\"2023-02-28T16:03:56+00:00\" \/>\n<meta property=\"og:image\" content=\"https:\/\/smart-pro.org\/en\/wp-content\/uploads\/sites\/2\/2023\/02\/SmartPro_Partnerschaftstreffen2022_Prof_Dagmar_Goll_SmartPro-Sprecherin-scaled.jpg\" \/>\n\t<meta property=\"og:image:width\" content=\"2560\" \/>\n\t<meta property=\"og:image:height\" content=\"1706\" \/>\n\t<meta property=\"og:image:type\" content=\"image\/jpeg\" \/>\n<meta name=\"author\" content=\"Kristina Lakomek\" \/>\n<meta name=\"twitter:card\" content=\"summary_large_image\" \/>\n<meta name=\"twitter:label1\" content=\"Written by\" \/>\n\t<meta name=\"twitter:data1\" content=\"Kristina Lakomek\" \/>\n\t<meta name=\"twitter:label2\" content=\"Estimated reading time\" \/>\n\t<meta name=\"twitter:data2\" content=\"2 minutes\" \/>\n<script type=\"application\/ld+json\" class=\"yoast-schema-graph\">{\"@context\":\"https:\/\/schema.org\",\"@graph\":[{\"@type\":\"WebPage\",\"@id\":\"https:\/\/smart-pro.org\/en\/blog\/2023\/02\/28\/schmutziges-geschaeft-der-kampf-um-die-seltenen-erden\/\",\"url\":\"https:\/\/smart-pro.org\/en\/blog\/2023\/02\/28\/schmutziges-geschaeft-der-kampf-um-die-seltenen-erden\/\",\"name\":\"Der Kampf um die Seltenen Erden: Prof. Goll bei SWR2 - SmartPro \u2013 Key to Smart Products\",\"isPartOf\":{\"@id\":\"https:\/\/smart-pro.org\/en\/#website\"},\"primaryImageOfPage\":{\"@id\":\"https:\/\/smart-pro.org\/en\/blog\/2023\/02\/28\/schmutziges-geschaeft-der-kampf-um-die-seltenen-erden\/#primaryimage\"},\"image\":{\"@id\":\"https:\/\/smart-pro.org\/en\/blog\/2023\/02\/28\/schmutziges-geschaeft-der-kampf-um-die-seltenen-erden\/#primaryimage\"},\"thumbnailUrl\":\"https:\/\/smart-pro.org\/en\/wp-content\/uploads\/sites\/2\/2023\/02\/SmartPro_Partnerschaftstreffen2022_Prof_Dagmar_Goll_SmartPro-Sprecherin-scaled.jpg\",\"datePublished\":\"2023-02-28T10:57:31+00:00\",\"dateModified\":\"2023-02-28T16:03:56+00:00\",\"author\":{\"@id\":\"https:\/\/smart-pro.org\/en\/#\/schema\/person\/d07a950bbb85a52bc12fe6060b74924b\"},\"breadcrumb\":{\"@id\":\"https:\/\/smart-pro.org\/en\/blog\/2023\/02\/28\/schmutziges-geschaeft-der-kampf-um-die-seltenen-erden\/#breadcrumb\"},\"inLanguage\":\"en-GB\",\"potentialAction\":[{\"@type\":\"ReadAction\",\"target\":[\"https:\/\/smart-pro.org\/en\/blog\/2023\/02\/28\/schmutziges-geschaeft-der-kampf-um-die-seltenen-erden\/\"]}]},{\"@type\":\"ImageObject\",\"inLanguage\":\"en-GB\",\"@id\":\"https:\/\/smart-pro.org\/en\/blog\/2023\/02\/28\/schmutziges-geschaeft-der-kampf-um-die-seltenen-erden\/#primaryimage\",\"url\":\"https:\/\/smart-pro.org\/en\/wp-content\/uploads\/sites\/2\/2023\/02\/SmartPro_Partnerschaftstreffen2022_Prof_Dagmar_Goll_SmartPro-Sprecherin-scaled.jpg\",\"contentUrl\":\"https:\/\/smart-pro.org\/en\/wp-content\/uploads\/sites\/2\/2023\/02\/SmartPro_Partnerschaftstreffen2022_Prof_Dagmar_Goll_SmartPro-Sprecherin-scaled.jpg\",\"width\":2560,\"height\":1706},{\"@type\":\"BreadcrumbList\",\"@id\":\"https:\/\/smart-pro.org\/en\/blog\/2023\/02\/28\/schmutziges-geschaeft-der-kampf-um-die-seltenen-erden\/#breadcrumb\",\"itemListElement\":[{\"@type\":\"ListItem\",\"position\":1,\"name\":\"Home\",\"item\":\"https:\/\/smart-pro.org\/en\/\"},{\"@type\":\"ListItem\",\"position\":2,\"name\":\"Der Kampf um die Seltenen Erden: Prof. Goll bei SWR2\"}]},{\"@type\":\"WebSite\",\"@id\":\"https:\/\/smart-pro.org\/en\/#website\",\"url\":\"https:\/\/smart-pro.org\/en\/\",\"name\":\"SmartPro \u2013 Key to Smart Products\",\"description\":\"Klimaschutz durch Energie- und Ressourceneffizienz\",\"potentialAction\":[{\"@type\":\"SearchAction\",\"target\":{\"@type\":\"EntryPoint\",\"urlTemplate\":\"https:\/\/smart-pro.org\/en\/?s={search_term_string}\"},\"query-input\":{\"@type\":\"PropertyValueSpecification\",\"valueRequired\":true,\"valueName\":\"search_term_string\"}}],\"inLanguage\":\"en-GB\"},{\"@type\":\"Person\",\"@id\":\"https:\/\/smart-pro.org\/en\/#\/schema\/person\/d07a950bbb85a52bc12fe6060b74924b\",\"name\":\"Kristina Lakomek\",\"image\":{\"@type\":\"ImageObject\",\"inLanguage\":\"en-GB\",\"@id\":\"https:\/\/smart-pro.org\/en\/#\/schema\/person\/image\/\",\"url\":\"https:\/\/secure.gravatar.com\/avatar\/395912e23261876c40d0ec1747190041?s=96&d=mm&r=g\",\"contentUrl\":\"https:\/\/secure.gravatar.com\/avatar\/395912e23261876c40d0ec1747190041?s=96&d=mm&r=g\",\"caption\":\"Kristina Lakomek\"},\"url\":\"https:\/\/smart-pro.org\/en\/blog\/author\/kristina_lakomek\/\"}]}<\/script>\n<!-- \/ Yoast SEO plugin. -->","yoast_head_json":{"title":"Der Kampf um die Seltenen Erden: Prof. Goll bei SWR2 - SmartPro \u2013 Key to Smart Products","robots":{"index":"index","follow":"follow","max-snippet":"max-snippet:-1","max-image-preview":"max-image-preview:large","max-video-preview":"max-video-preview:-1"},"canonical":"https:\/\/smart-pro.org\/en\/blog\/2023\/02\/28\/schmutziges-geschaeft-der-kampf-um-die-seltenen-erden\/","og_locale":"en_GB","og_type":"article","og_title":"Der Kampf um die Seltenen Erden: Prof. Goll bei SWR2 - SmartPro \u2013 Key to Smart Products","og_description":"Deutschland ist ein rohstoffarmes Land. Nicht nur bei Energie sind wir auf andere angewiesen, sondern auch bei kritischen Metallen und Seltenen Erden, die f\u00fcr moderne Technologien unentbehrlich sind. Dazu hat SmartPro-Sprecherin Prof. Dr. Dagmar Goll in einer Sendung des SWR2 mit weiteren Experten diskutiert.","og_url":"https:\/\/smart-pro.org\/en\/blog\/2023\/02\/28\/schmutziges-geschaeft-der-kampf-um-die-seltenen-erden\/","og_site_name":"SmartPro \u2013 Key to Smart Products","article_published_time":"2023-02-28T10:57:31+00:00","article_modified_time":"2023-02-28T16:03:56+00:00","og_image":[{"width":2560,"height":1706,"url":"https:\/\/smart-pro.org\/en\/wp-content\/uploads\/sites\/2\/2023\/02\/SmartPro_Partnerschaftstreffen2022_Prof_Dagmar_Goll_SmartPro-Sprecherin-scaled.jpg","type":"image\/jpeg"}],"author":"Kristina Lakomek","twitter_card":"summary_large_image","twitter_misc":{"Written by":"Kristina Lakomek","Estimated reading time":"2 minutes"},"schema":{"@context":"https:\/\/schema.org","@graph":[{"@type":"WebPage","@id":"https:\/\/smart-pro.org\/en\/blog\/2023\/02\/28\/schmutziges-geschaeft-der-kampf-um-die-seltenen-erden\/","url":"https:\/\/smart-pro.org\/en\/blog\/2023\/02\/28\/schmutziges-geschaeft-der-kampf-um-die-seltenen-erden\/","name":"Der Kampf um die Seltenen Erden: Prof. Goll bei SWR2 - SmartPro \u2013 Key to Smart Products","isPartOf":{"@id":"https:\/\/smart-pro.org\/en\/#website"},"primaryImageOfPage":{"@id":"https:\/\/smart-pro.org\/en\/blog\/2023\/02\/28\/schmutziges-geschaeft-der-kampf-um-die-seltenen-erden\/#primaryimage"},"image":{"@id":"https:\/\/smart-pro.org\/en\/blog\/2023\/02\/28\/schmutziges-geschaeft-der-kampf-um-die-seltenen-erden\/#primaryimage"},"thumbnailUrl":"https:\/\/smart-pro.org\/en\/wp-content\/uploads\/sites\/2\/2023\/02\/SmartPro_Partnerschaftstreffen2022_Prof_Dagmar_Goll_SmartPro-Sprecherin-scaled.jpg","datePublished":"2023-02-28T10:57:31+00:00","dateModified":"2023-02-28T16:03:56+00:00","author":{"@id":"https:\/\/smart-pro.org\/en\/#\/schema\/person\/d07a950bbb85a52bc12fe6060b74924b"},"breadcrumb":{"@id":"https:\/\/smart-pro.org\/en\/blog\/2023\/02\/28\/schmutziges-geschaeft-der-kampf-um-die-seltenen-erden\/#breadcrumb"},"inLanguage":"en-GB","potentialAction":[{"@type":"ReadAction","target":["https:\/\/smart-pro.org\/en\/blog\/2023\/02\/28\/schmutziges-geschaeft-der-kampf-um-die-seltenen-erden\/"]}]},{"@type":"ImageObject","inLanguage":"en-GB","@id":"https:\/\/smart-pro.org\/en\/blog\/2023\/02\/28\/schmutziges-geschaeft-der-kampf-um-die-seltenen-erden\/#primaryimage","url":"https:\/\/smart-pro.org\/en\/wp-content\/uploads\/sites\/2\/2023\/02\/SmartPro_Partnerschaftstreffen2022_Prof_Dagmar_Goll_SmartPro-Sprecherin-scaled.jpg","contentUrl":"https:\/\/smart-pro.org\/en\/wp-content\/uploads\/sites\/2\/2023\/02\/SmartPro_Partnerschaftstreffen2022_Prof_Dagmar_Goll_SmartPro-Sprecherin-scaled.jpg","width":2560,"height":1706},{"@type":"BreadcrumbList","@id":"https:\/\/smart-pro.org\/en\/blog\/2023\/02\/28\/schmutziges-geschaeft-der-kampf-um-die-seltenen-erden\/#breadcrumb","itemListElement":[{"@type":"ListItem","position":1,"name":"Home","item":"https:\/\/smart-pro.org\/en\/"},{"@type":"ListItem","position":2,"name":"Der Kampf um die Seltenen Erden: Prof. Goll bei SWR2"}]},{"@type":"WebSite","@id":"https:\/\/smart-pro.org\/en\/#website","url":"https:\/\/smart-pro.org\/en\/","name":"SmartPro \u2013 Key to Smart Products","description":"Klimaschutz durch Energie- und Ressourceneffizienz","potentialAction":[{"@type":"SearchAction","target":{"@type":"EntryPoint","urlTemplate":"https:\/\/smart-pro.org\/en\/?s={search_term_string}"},"query-input":{"@type":"PropertyValueSpecification","valueRequired":true,"valueName":"search_term_string"}}],"inLanguage":"en-GB"},{"@type":"Person","@id":"https:\/\/smart-pro.org\/en\/#\/schema\/person\/d07a950bbb85a52bc12fe6060b74924b","name":"Kristina Lakomek","image":{"@type":"ImageObject","inLanguage":"en-GB","@id":"https:\/\/smart-pro.org\/en\/#\/schema\/person\/image\/","url":"https:\/\/secure.gravatar.com\/avatar\/395912e23261876c40d0ec1747190041?s=96&d=mm&r=g","contentUrl":"https:\/\/secure.gravatar.com\/avatar\/395912e23261876c40d0ec1747190041?s=96&d=mm&r=g","caption":"Kristina Lakomek"},"url":"https:\/\/smart-pro.org\/en\/blog\/author\/kristina_lakomek\/"}]}},"_links":{"self":[{"href":"https:\/\/smart-pro.org\/en\/wp-json\/wp\/v2\/posts\/10986","targetHints":{"allow":["GET"]}}],"collection":[{"href":"https:\/\/smart-pro.org\/en\/wp-json\/wp\/v2\/posts"}],"about":[{"href":"https:\/\/smart-pro.org\/en\/wp-json\/wp\/v2\/types\/post"}],"author":[{"embeddable":true,"href":"https:\/\/smart-pro.org\/en\/wp-json\/wp\/v2\/users\/2"}],"replies":[{"embeddable":true,"href":"https:\/\/smart-pro.org\/en\/wp-json\/wp\/v2\/comments?post=10986"}],"version-history":[{"count":17,"href":"https:\/\/smart-pro.org\/en\/wp-json\/wp\/v2\/posts\/10986\/revisions"}],"predecessor-version":[{"id":11059,"href":"https:\/\/smart-pro.org\/en\/wp-json\/wp\/v2\/posts\/10986\/revisions\/11059"}],"wp:featuredmedia":[{"embeddable":true,"href":"https:\/\/smart-pro.org\/en\/wp-json\/wp\/v2\/media\/10997"}],"wp:attachment":[{"href":"https:\/\/smart-pro.org\/en\/wp-json\/wp\/v2\/media?parent=10986"}],"wp:term":[{"taxonomy":"category","embeddable":true,"href":"https:\/\/smart-pro.org\/en\/wp-json\/wp\/v2\/categories?post=10986"},{"taxonomy":"post_tag","embeddable":true,"href":"https:\/\/smart-pro.org\/en\/wp-json\/wp\/v2\/tags?post=10986"}],"curies":[{"name":"wp","href":"https:\/\/api.w.org\/{rel}","templated":true}]}}