{"id":1408,"date":"2018-12-18T12:07:42","date_gmt":"2018-12-18T11:07:42","guid":{"rendered":"http:\/\/smartpro.understoodworkspace.de\/2019\/01\/23\/perspektiven-aus-wirtschaft-und-forschung-copy\/"},"modified":"2022-01-04T14:03:13","modified_gmt":"2022-01-04T13:03:13","slug":"3d-druck-elektromobilitaet-fertigungstechnologie","status":"publish","type":"post","link":"https:\/\/smart-pro.org\/en\/blog\/2018\/12\/18\/3d-druck-elektromobilitaet-fertigungstechnologie\/","title":{"rendered":"Wie 3D-Druck und Elektromobilit\u00e4t die Fertigungstechnologie ver\u00e4ndern"},"content":{"rendered":"<p>[et_pb_section fb_built=&#8221;1&#8243; admin_label=&#8221;section&#8221; _builder_version=&#8221;3.22&#8243; global_colors_info=&#8221;{}&#8221;][et_pb_row admin_label=&#8221;row&#8221; _builder_version=&#8221;3.25&#8243; background_size=&#8221;initial&#8221; background_position=&#8221;top_left&#8221; background_repeat=&#8221;repeat&#8221; global_colors_info=&#8221;{}&#8221;][et_pb_column type=&#8221;4_4&#8243; _builder_version=&#8221;3.25&#8243; custom_padding=&#8221;|||&#8221; global_colors_info=&#8221;{}&#8221; custom_padding__hover=&#8221;|||&#8221;][et_pb_text admin_label=&#8221;Text&#8221; _builder_version=&#8221;4.14.4&#8243; background_size=&#8221;initial&#8221; background_position=&#8221;top_left&#8221; background_repeat=&#8221;repeat&#8221; global_colors_info=&#8221;{}&#8221;]<\/p>\n<p><strong class=\"date\"><\/strong><strong>Das j\u00e4hrlich im Dezember stattfindende Barbara-Kolloquium an der Hochschule Aalen ist f\u00fcr Gie\u00dferei-Experten eine Pflichtveranstaltung zum Austausch und zur Weiterbildung. Weit \u00fcber 200 angereiste Vertreter der Gie\u00dfereibranche und Studierende besuchten die Veranstaltung.<\/strong><\/p>\n<p>Bei seiner Begr\u00fc\u00dfung hob Rektor Professor Dr. Gerhard Schneider die Bedeutung von 3D-Druck und Elektromobilit\u00e4t f\u00fcr die Zukunft hervor. Die Hochschule tr\u00e4gt dem beispielsweise durch das Forschungsprojekt SmartPro Rechnung, das in Kooperation mit der Industrie Themen rund um die Elektromobilit\u00e4t und den Leichtbau behandelt. Im Anschluss stellte Professor Dr. Lothar Kallien den neuen Computertomographen des Gie\u00dfereilabors vor. \u201eOhne Computertomograph ist der Gie\u00dfer blind\u201c, betonte er dessen Wichtigkeit f\u00fcr die Forschungsarbeiten.<\/p>\n<p>Im ersten Teil des Programms trugen Referenten aus Wirtschaft und Wissenschaft Vortr\u00e4ge zu unterschiedlichen Gebieten vor. Dr. Christoph D\u00f6rr von Trumpf referierte \u00fcber die Chancen, die durch den 3D-Druck im Formenbau f\u00fcr den Druckguss entstehen. Zum Einfluss der Elektromobilit\u00e4t auf die Gussproduktion und die Fertigungstechnologien \u00e4u\u00dferten sich Professor Dr. Lothar Kallien, Leiter des Gie\u00dfereilabors, und Dr. Christian Wilhelm von der Firma Foundry Consulting and Solutions. Beendet wurde die Vortragsreihe von Dr. Thomas Niehoff von der Linde AG. Er stellte ein neues Verfahren zum Schmelzen von Aluminium vor.<\/p>\n<p>Anschie\u00dfend gaben die Studierenden wie jedes Jahr einen kurzen \u00dcberblick \u00fcber ihre Projekt-, Bachelor- und Masterarbeiten: Die Themen reichten von Salzkernen im Druckguss \u00fcber das Kriechverhalten einer Zinklegierung bis hin zur Untersuchung verschiedener Trennmittel im Druckguss.<\/p>\n<p>Auch dieses Jahr zeigte sich wieder, dass das Barbara-Kolloquium eine gute Kontakt-, Austausch- und Weiterbildungsm\u00f6glichkeit bietet und Studierenden einen \u00dcberblick \u00fcber die M\u00f6glichkeiten in der Gie\u00dfereibranche nach ihrem Abschluss aufzeigt. Entsprechend fand die Veranstaltung gro\u00dfen Anklang.<\/p>\n<p>[\/et_pb_text][et_pb_divider color=&#8221;#000000&#8243; divider_position=&#8221;center&#8221; divider_weight=&#8221;3px&#8221; _builder_version=&#8221;4.14.4&#8243; _module_preset=&#8221;default&#8221; width=&#8221;35%&#8221; module_alignment=&#8221;center&#8221; global_colors_info=&#8221;{}&#8221;][\/et_pb_divider][et_pb_text admin_label=&#8221;Text&#8221; _builder_version=&#8221;4.14.4&#8243; background_size=&#8221;initial&#8221; background_position=&#8221;top_left&#8221; background_repeat=&#8221;repeat&#8221; global_colors_info=&#8221;{}&#8221;]<\/p>\n<p><strong>Fotonachweis:<\/strong> Prof. Dr. Lothar Kallien (4.v.l.) im Kreise aller Referenten des Barbara-Kolloquiums | \u00a9 Hochschule Aalen | Kilian B\u00f6hm<\/p>\n<p>[\/et_pb_text][\/et_pb_column][\/et_pb_row][\/et_pb_section]<\/p>\n","protected":false},"excerpt":{"rendered":"<p>Das j\u00e4hrlich im Dezember stattfindende Barbara-Kolloquium an der Hochschule Aalen ist f\u00fcr Gie\u00dferei-Experten eine Pflichtveranstaltung zum Austausch und zur Weiterbildung. Weit \u00fcber 200 angereiste Vertreter der Gie\u00dfereibranche und Studierende besuchten die Veranstaltung.<\/p>\n","protected":false},"author":2,"featured_media":1414,"comment_status":"open","ping_status":"open","sticky":false,"template":"","format":"standard","meta":{"_acf_changed":false,"_et_pb_use_builder":"on","_et_pb_old_content":"<em>Technologietag Leichtbau Regional in Schw\u00e4bisch Gm\u00fcnd<\/em>\r\n\r\n\u00a0\r\n\r\n<strong class=\"date\">Fr, 26. Oktober 2018<\/strong>\u00a0<span class=\"gray\">\u2192<\/span>\u00a0Wie wichtig der Technologietag Leichtbau Regional als lokale Veranstaltung neben einer zentralen Konferenz in Stuttgart sei, betonte Dr. Wolfgang Seeliger, Gesch\u00e4ftsf\u00fchrer der Landesagentur Leichtbau BW, in seiner Begr\u00fc\u00dfung. Das Thema Leichtbau m\u00fcsse in die Fl\u00e4che getragen werden, um das gro\u00dfe Potential f\u00fcr die Herausforderungen der Zukunft wie den Klimawandel auszusch\u00f6pfen und Wettbewerbsf\u00e4higkeit und Wohlstand in der Region zu sichern.\r\n\r\n\u00a0\r\n\r\n[caption id=\"attachment_1022\" align=\"alignnone\" width=\"768\"]<img class=\"wp-image-1022 size-large\" src=\"https:\/\/smart-pro.org\/en\/wp-content\/uploads\/sites\/2\/2018\/10\/181026_PM_Technologietag_Leichtbau_Regional_FotoKristinaLakomek-e1545054488606-768x1024.jpg\" alt=\"\" width=\"768\" height=\"1024\" \/> Hintere Reihe: Wolfgang Stoll, Prof. Dr. Markus Merkel\/HSA, Dr. Wolfgang Seeliger \/ Leichtbau BW; mittlere Reihe: J\u00f6rg Egelhaaf, Peter Schmidt\/IHK, vorne: Sarah W\u00f6rz\/IHK, Jan Grasmannsdorf, Dr. Wolfgang Rimkus\/HSA, Julian Schlosser\/HSA).[\/caption]\r\n\r\n\u00a0\r\n\r\nBildnachweis\/Quelle:","_et_gb_content_width":"","iawp_total_views":0,"footnotes":""},"categories":[239,238,20],"tags":[35,36,40,41,38,39,22,37],"class_list":["post-1408","post","type-post","status-publish","format-standard","has-post-thumbnail","hentry","category-additive-manufacturing","category-lightweight-construction","category-news","tag-3d-druck","tag-barbara-kolloquium","tag-e-mobilitaet","tag-fertigungstechnologie","tag-giessereitechnologie-aalen","tag-kallien","tag-smartpro","tag-veranstaltung"],"acf":[],"yoast_head":"<!-- This site is optimized with the Yoast SEO plugin v25.8 - https:\/\/yoast.com\/wordpress\/plugins\/seo\/ -->\n<title>Wie 3D-Druck und Elektromobilit\u00e4t die Fertigungstechnologie ver\u00e4ndern - SmartPro \u2013 Key to Smart Products<\/title>\n<meta name=\"robots\" content=\"index, follow, max-snippet:-1, max-image-preview:large, max-video-preview:-1\" \/>\n<link rel=\"canonical\" href=\"https:\/\/smart-pro.org\/en\/blog\/2018\/12\/18\/3d-druck-elektromobilitaet-fertigungstechnologie\/\" \/>\n<meta property=\"og:locale\" content=\"en_GB\" \/>\n<meta property=\"og:type\" content=\"article\" \/>\n<meta property=\"og:title\" content=\"Wie 3D-Druck und Elektromobilit\u00e4t die Fertigungstechnologie ver\u00e4ndern - SmartPro \u2013 Key to Smart Products\" \/>\n<meta property=\"og:description\" content=\"Das j\u00e4hrlich im Dezember stattfindende Barbara-Kolloquium an der Hochschule Aalen ist f\u00fcr Gie\u00dferei-Experten eine Pflichtveranstaltung zum Austausch und zur Weiterbildung. Weit \u00fcber 200 angereiste Vertreter der Gie\u00dfereibranche und Studierende besuchten die Veranstaltung.\" \/>\n<meta property=\"og:url\" content=\"https:\/\/smart-pro.org\/en\/blog\/2018\/12\/18\/3d-druck-elektromobilitaet-fertigungstechnologie\/\" \/>\n<meta property=\"og:site_name\" content=\"SmartPro \u2013 Key to Smart Products\" \/>\n<meta property=\"article:published_time\" content=\"2018-12-18T11:07:42+00:00\" \/>\n<meta property=\"article:modified_time\" content=\"2022-01-04T13:03:13+00:00\" \/>\n<meta property=\"og:image\" content=\"https:\/\/smart-pro.org\/en\/wp-content\/uploads\/sites\/2\/2018\/12\/SmartPro_BarbaraKolloquium2018_FotografKilianBoehm.jpg\" \/>\n\t<meta property=\"og:image:width\" content=\"674\" \/>\n\t<meta property=\"og:image:height\" content=\"449\" \/>\n\t<meta property=\"og:image:type\" content=\"image\/jpeg\" \/>\n<meta name=\"author\" content=\"Kristina Lakomek\" \/>\n<meta name=\"twitter:card\" content=\"summary_large_image\" \/>\n<meta name=\"twitter:label1\" content=\"Written by\" \/>\n\t<meta name=\"twitter:data1\" content=\"Kristina Lakomek\" \/>\n\t<meta name=\"twitter:label2\" content=\"Estimated reading time\" \/>\n\t<meta name=\"twitter:data2\" content=\"2 minutes\" \/>\n<script type=\"application\/ld+json\" class=\"yoast-schema-graph\">{\"@context\":\"https:\/\/schema.org\",\"@graph\":[{\"@type\":\"WebPage\",\"@id\":\"https:\/\/smart-pro.org\/en\/blog\/2018\/12\/18\/3d-druck-elektromobilitaet-fertigungstechnologie\/\",\"url\":\"https:\/\/smart-pro.org\/en\/blog\/2018\/12\/18\/3d-druck-elektromobilitaet-fertigungstechnologie\/\",\"name\":\"Wie 3D-Druck und Elektromobilit\u00e4t die Fertigungstechnologie ver\u00e4ndern - SmartPro \u2013 Key to Smart Products\",\"isPartOf\":{\"@id\":\"https:\/\/smart-pro.org\/en\/#website\"},\"primaryImageOfPage\":{\"@id\":\"https:\/\/smart-pro.org\/en\/blog\/2018\/12\/18\/3d-druck-elektromobilitaet-fertigungstechnologie\/#primaryimage\"},\"image\":{\"@id\":\"https:\/\/smart-pro.org\/en\/blog\/2018\/12\/18\/3d-druck-elektromobilitaet-fertigungstechnologie\/#primaryimage\"},\"thumbnailUrl\":\"https:\/\/smart-pro.org\/en\/wp-content\/uploads\/sites\/2\/2018\/12\/SmartPro_BarbaraKolloquium2018_FotografKilianBoehm.jpg\",\"datePublished\":\"2018-12-18T11:07:42+00:00\",\"dateModified\":\"2022-01-04T13:03:13+00:00\",\"author\":{\"@id\":\"https:\/\/smart-pro.org\/en\/#\/schema\/person\/d07a950bbb85a52bc12fe6060b74924b\"},\"breadcrumb\":{\"@id\":\"https:\/\/smart-pro.org\/en\/blog\/2018\/12\/18\/3d-druck-elektromobilitaet-fertigungstechnologie\/#breadcrumb\"},\"inLanguage\":\"en-GB\",\"potentialAction\":[{\"@type\":\"ReadAction\",\"target\":[\"https:\/\/smart-pro.org\/en\/blog\/2018\/12\/18\/3d-druck-elektromobilitaet-fertigungstechnologie\/\"]}]},{\"@type\":\"ImageObject\",\"inLanguage\":\"en-GB\",\"@id\":\"https:\/\/smart-pro.org\/en\/blog\/2018\/12\/18\/3d-druck-elektromobilitaet-fertigungstechnologie\/#primaryimage\",\"url\":\"https:\/\/smart-pro.org\/en\/wp-content\/uploads\/sites\/2\/2018\/12\/SmartPro_BarbaraKolloquium2018_FotografKilianBoehm.jpg\",\"contentUrl\":\"https:\/\/smart-pro.org\/en\/wp-content\/uploads\/sites\/2\/2018\/12\/SmartPro_BarbaraKolloquium2018_FotografKilianBoehm.jpg\",\"width\":674,\"height\":449},{\"@type\":\"BreadcrumbList\",\"@id\":\"https:\/\/smart-pro.org\/en\/blog\/2018\/12\/18\/3d-druck-elektromobilitaet-fertigungstechnologie\/#breadcrumb\",\"itemListElement\":[{\"@type\":\"ListItem\",\"position\":1,\"name\":\"Home\",\"item\":\"https:\/\/smart-pro.org\/en\/\"},{\"@type\":\"ListItem\",\"position\":2,\"name\":\"Wie 3D-Druck und Elektromobilit\u00e4t die Fertigungstechnologie ver\u00e4ndern\"}]},{\"@type\":\"WebSite\",\"@id\":\"https:\/\/smart-pro.org\/en\/#website\",\"url\":\"https:\/\/smart-pro.org\/en\/\",\"name\":\"SmartPro \u2013 Key to Smart Products\",\"description\":\"Klimaschutz durch Energie- und Ressourceneffizienz\",\"potentialAction\":[{\"@type\":\"SearchAction\",\"target\":{\"@type\":\"EntryPoint\",\"urlTemplate\":\"https:\/\/smart-pro.org\/en\/?s={search_term_string}\"},\"query-input\":{\"@type\":\"PropertyValueSpecification\",\"valueRequired\":true,\"valueName\":\"search_term_string\"}}],\"inLanguage\":\"en-GB\"},{\"@type\":\"Person\",\"@id\":\"https:\/\/smart-pro.org\/en\/#\/schema\/person\/d07a950bbb85a52bc12fe6060b74924b\",\"name\":\"Kristina Lakomek\",\"image\":{\"@type\":\"ImageObject\",\"inLanguage\":\"en-GB\",\"@id\":\"https:\/\/smart-pro.org\/en\/#\/schema\/person\/image\/\",\"url\":\"https:\/\/secure.gravatar.com\/avatar\/395912e23261876c40d0ec1747190041?s=96&d=mm&r=g\",\"contentUrl\":\"https:\/\/secure.gravatar.com\/avatar\/395912e23261876c40d0ec1747190041?s=96&d=mm&r=g\",\"caption\":\"Kristina Lakomek\"},\"url\":\"https:\/\/smart-pro.org\/en\/blog\/author\/kristina_lakomek\/\"}]}<\/script>\n<!-- \/ Yoast SEO plugin. -->","yoast_head_json":{"title":"Wie 3D-Druck und Elektromobilit\u00e4t die Fertigungstechnologie ver\u00e4ndern - SmartPro \u2013 Key to Smart Products","robots":{"index":"index","follow":"follow","max-snippet":"max-snippet:-1","max-image-preview":"max-image-preview:large","max-video-preview":"max-video-preview:-1"},"canonical":"https:\/\/smart-pro.org\/en\/blog\/2018\/12\/18\/3d-druck-elektromobilitaet-fertigungstechnologie\/","og_locale":"en_GB","og_type":"article","og_title":"Wie 3D-Druck und Elektromobilit\u00e4t die Fertigungstechnologie ver\u00e4ndern - SmartPro \u2013 Key to Smart Products","og_description":"Das j\u00e4hrlich im Dezember stattfindende Barbara-Kolloquium an der Hochschule Aalen ist f\u00fcr Gie\u00dferei-Experten eine Pflichtveranstaltung zum Austausch und zur Weiterbildung. Weit \u00fcber 200 angereiste Vertreter der Gie\u00dfereibranche und Studierende besuchten die Veranstaltung.","og_url":"https:\/\/smart-pro.org\/en\/blog\/2018\/12\/18\/3d-druck-elektromobilitaet-fertigungstechnologie\/","og_site_name":"SmartPro \u2013 Key to Smart Products","article_published_time":"2018-12-18T11:07:42+00:00","article_modified_time":"2022-01-04T13:03:13+00:00","og_image":[{"width":674,"height":449,"url":"https:\/\/smart-pro.org\/en\/wp-content\/uploads\/sites\/2\/2018\/12\/SmartPro_BarbaraKolloquium2018_FotografKilianBoehm.jpg","type":"image\/jpeg"}],"author":"Kristina Lakomek","twitter_card":"summary_large_image","twitter_misc":{"Written by":"Kristina Lakomek","Estimated reading time":"2 minutes"},"schema":{"@context":"https:\/\/schema.org","@graph":[{"@type":"WebPage","@id":"https:\/\/smart-pro.org\/en\/blog\/2018\/12\/18\/3d-druck-elektromobilitaet-fertigungstechnologie\/","url":"https:\/\/smart-pro.org\/en\/blog\/2018\/12\/18\/3d-druck-elektromobilitaet-fertigungstechnologie\/","name":"Wie 3D-Druck und Elektromobilit\u00e4t die Fertigungstechnologie ver\u00e4ndern - SmartPro \u2013 Key to Smart Products","isPartOf":{"@id":"https:\/\/smart-pro.org\/en\/#website"},"primaryImageOfPage":{"@id":"https:\/\/smart-pro.org\/en\/blog\/2018\/12\/18\/3d-druck-elektromobilitaet-fertigungstechnologie\/#primaryimage"},"image":{"@id":"https:\/\/smart-pro.org\/en\/blog\/2018\/12\/18\/3d-druck-elektromobilitaet-fertigungstechnologie\/#primaryimage"},"thumbnailUrl":"https:\/\/smart-pro.org\/en\/wp-content\/uploads\/sites\/2\/2018\/12\/SmartPro_BarbaraKolloquium2018_FotografKilianBoehm.jpg","datePublished":"2018-12-18T11:07:42+00:00","dateModified":"2022-01-04T13:03:13+00:00","author":{"@id":"https:\/\/smart-pro.org\/en\/#\/schema\/person\/d07a950bbb85a52bc12fe6060b74924b"},"breadcrumb":{"@id":"https:\/\/smart-pro.org\/en\/blog\/2018\/12\/18\/3d-druck-elektromobilitaet-fertigungstechnologie\/#breadcrumb"},"inLanguage":"en-GB","potentialAction":[{"@type":"ReadAction","target":["https:\/\/smart-pro.org\/en\/blog\/2018\/12\/18\/3d-druck-elektromobilitaet-fertigungstechnologie\/"]}]},{"@type":"ImageObject","inLanguage":"en-GB","@id":"https:\/\/smart-pro.org\/en\/blog\/2018\/12\/18\/3d-druck-elektromobilitaet-fertigungstechnologie\/#primaryimage","url":"https:\/\/smart-pro.org\/en\/wp-content\/uploads\/sites\/2\/2018\/12\/SmartPro_BarbaraKolloquium2018_FotografKilianBoehm.jpg","contentUrl":"https:\/\/smart-pro.org\/en\/wp-content\/uploads\/sites\/2\/2018\/12\/SmartPro_BarbaraKolloquium2018_FotografKilianBoehm.jpg","width":674,"height":449},{"@type":"BreadcrumbList","@id":"https:\/\/smart-pro.org\/en\/blog\/2018\/12\/18\/3d-druck-elektromobilitaet-fertigungstechnologie\/#breadcrumb","itemListElement":[{"@type":"ListItem","position":1,"name":"Home","item":"https:\/\/smart-pro.org\/en\/"},{"@type":"ListItem","position":2,"name":"Wie 3D-Druck und Elektromobilit\u00e4t die Fertigungstechnologie ver\u00e4ndern"}]},{"@type":"WebSite","@id":"https:\/\/smart-pro.org\/en\/#website","url":"https:\/\/smart-pro.org\/en\/","name":"SmartPro \u2013 Key to Smart Products","description":"Klimaschutz durch Energie- und Ressourceneffizienz","potentialAction":[{"@type":"SearchAction","target":{"@type":"EntryPoint","urlTemplate":"https:\/\/smart-pro.org\/en\/?s={search_term_string}"},"query-input":{"@type":"PropertyValueSpecification","valueRequired":true,"valueName":"search_term_string"}}],"inLanguage":"en-GB"},{"@type":"Person","@id":"https:\/\/smart-pro.org\/en\/#\/schema\/person\/d07a950bbb85a52bc12fe6060b74924b","name":"Kristina Lakomek","image":{"@type":"ImageObject","inLanguage":"en-GB","@id":"https:\/\/smart-pro.org\/en\/#\/schema\/person\/image\/","url":"https:\/\/secure.gravatar.com\/avatar\/395912e23261876c40d0ec1747190041?s=96&d=mm&r=g","contentUrl":"https:\/\/secure.gravatar.com\/avatar\/395912e23261876c40d0ec1747190041?s=96&d=mm&r=g","caption":"Kristina Lakomek"},"url":"https:\/\/smart-pro.org\/en\/blog\/author\/kristina_lakomek\/"}]}},"_links":{"self":[{"href":"https:\/\/smart-pro.org\/en\/wp-json\/wp\/v2\/posts\/1408","targetHints":{"allow":["GET"]}}],"collection":[{"href":"https:\/\/smart-pro.org\/en\/wp-json\/wp\/v2\/posts"}],"about":[{"href":"https:\/\/smart-pro.org\/en\/wp-json\/wp\/v2\/types\/post"}],"author":[{"embeddable":true,"href":"https:\/\/smart-pro.org\/en\/wp-json\/wp\/v2\/users\/2"}],"replies":[{"embeddable":true,"href":"https:\/\/smart-pro.org\/en\/wp-json\/wp\/v2\/comments?post=1408"}],"version-history":[{"count":8,"href":"https:\/\/smart-pro.org\/en\/wp-json\/wp\/v2\/posts\/1408\/revisions"}],"predecessor-version":[{"id":8332,"href":"https:\/\/smart-pro.org\/en\/wp-json\/wp\/v2\/posts\/1408\/revisions\/8332"}],"wp:featuredmedia":[{"embeddable":true,"href":"https:\/\/smart-pro.org\/en\/wp-json\/wp\/v2\/media\/1414"}],"wp:attachment":[{"href":"https:\/\/smart-pro.org\/en\/wp-json\/wp\/v2\/media?parent=1408"}],"wp:term":[{"taxonomy":"category","embeddable":true,"href":"https:\/\/smart-pro.org\/en\/wp-json\/wp\/v2\/categories?post=1408"},{"taxonomy":"post_tag","embeddable":true,"href":"https:\/\/smart-pro.org\/en\/wp-json\/wp\/v2\/tags?post=1408"}],"curies":[{"name":"wp","href":"https:\/\/api.w.org\/{rel}","templated":true}]}}