{"id":2922,"date":"2019-08-07T13:39:43","date_gmt":"2019-08-07T11:39:43","guid":{"rendered":"https:\/\/smart-pro.org\/en\/2019\/08\/07\/zukunftsvisionen-fuer-mobilitaet-und-energienutzung-copy\/"},"modified":"2022-01-04T14:46:59","modified_gmt":"2022-01-04T13:46:59","slug":"tag-des-hoerens-stiess-auf-offene-ohren","status":"publish","type":"post","link":"https:\/\/smart-pro.org\/en\/blog\/2019\/08\/07\/tag-des-hoerens-stiess-auf-offene-ohren\/","title":{"rendered":"\u201eTag des H\u00f6rens\u201c stie\u00df auf offene Ohren"},"content":{"rendered":"<p>[et_pb_section fb_built=&#8221;1&#8243; admin_label=&#8221;section&#8221; _builder_version=&#8221;3.22&#8243; global_colors_info=&#8221;{}&#8221;][et_pb_row admin_label=&#8221;row&#8221; _builder_version=&#8221;3.25&#8243; background_size=&#8221;initial&#8221; background_position=&#8221;top_left&#8221; background_repeat=&#8221;repeat&#8221; global_colors_info=&#8221;{}&#8221;][et_pb_column type=&#8221;4_4&#8243; _builder_version=&#8221;3.25&#8243; custom_padding=&#8221;|||&#8221; global_colors_info=&#8221;{}&#8221; custom_padding__hover=&#8221;|||&#8221;][et_pb_text admin_label=&#8221;Text&#8221; _builder_version=&#8221;4.14.4&#8243; background_size=&#8221;initial&#8221; background_position=&#8221;top_left&#8221; background_repeat=&#8221;repeat&#8221; hover_enabled=&#8221;0&#8243; global_colors_info=&#8221;{}&#8221; sticky_enabled=&#8221;0&#8243;]<\/p>\n<p>Beim \u201eTag des H\u00f6rens\u201c stand das H\u00f6ren und das Geh\u00f6r ganz im Mittelpunkt. Die Veranstaltung wurde von Studierenden aus dem Studiengang H\u00f6rakustik \/ Audiologie der Hochschule Aalen organisiert. Vor dem Aalener Rathaus konnten Besucherinnen und Besucher unter anderem erfahren, wie das Geh\u00f6r aufgebaut ist und wie Schallwellen in akustische Wahrnehmungen umgewandelt werden, einen H\u00f6rtest machen oder H\u00f6rger\u00e4te erleben.<\/p>\n<p>\u201eDas ist die Ohrmuschel, hier werden die Schallwellen aufgenommen und ins Mittelohr weitergeleitet, wo sie das Trommelfell und die Geh\u00f6rkn\u00f6chelchen in Schwingung versetzen\u201c, erkl\u00e4rte Laura Arand, Studentin der H\u00f6raktustik an der Hochschule Aalen und fuhr fort: \u201eDiese werden dann an die H\u00f6rschnecke weitergeleitet. Dort befinden sich feine Haarzellen, die die Bewegung in Nervenimpulse umwandeln \u2013 im H\u00f6rzentrum unseres Gehirns werden dieses dann verarbeitet und in das Geh\u00f6rte umgewandelt.\u201c Dabei zeigte sie mit dem Finger auf die verschiedenen Bereiche eines gro\u00dfen Ohr-Modells, das vor ihr steht. Im Querschnitt lassen sich Trommelfell, Geh\u00f6rkn\u00f6chelchen und die Cochlea \u2013 die Schnecke im Innenohr \u2013 gut erkennen.<\/p>\n<p>Laura ist eine von insgesamt f\u00fcnf Studierenden des vierten Semesters \u201e<a href=\"https:\/\/www.hs-aalen.de\/de\/courses\/69\" rel=\"noopener noreferrer\" target=\"_blank\">H\u00f6rakustik \/ Audiologie<\/a>\u201c, die den Tag des H\u00f6rens organisiert haben. Entstanden ist die Idee dazu im Projekt \u201eH\u00f6rakustik\u201c unter der Leitung von SmartPro-Mitglied und <a href=\"https:\/\/smart-pro.org\/en\/netzwerk\/forschende\/#steffen-kreikemeier\">Professor Dr. Steffen Kreikemeier<\/a> gemeinsam mit Mitarbeiter Daniel Andres. \u201eDie Konzeption und Umsetzung lag aber ganz in der Hand der Studierenden\u201c, betonte Kreikemeier. \u201eWir wollten einfach zum Thema H\u00f6ren aufkl\u00e4ren und informieren\u201c, erkl\u00e4rte Laura, warum sie den Tag des H\u00f6rens ins Leben gerufen haben.<\/p>\n<p>Vor dem Rathaus in der Aalener Innenstadt haben sie einen Stand aufgebaut und ganz viel Anschauungsmaterial mitgebracht. Hier konnte man sich nicht nur zeigen lassen, wie das Geh\u00f6r funktioniert, sondern auch einen H\u00f6rtest machen oder erleben, wie es ist, mit einem H\u00f6rger\u00e4t zu h\u00f6ren und verschiedene H\u00f6rger\u00e4t-Bauformen testen. Wer wollte, konnte mit dem Videoothoskop einen Blick in das eigene Geh\u00f6r werfen und das Trommelfell und die dahinterliegenden Geh\u00f6rkn\u00f6chelchen vergr\u00f6\u00dfert auf einem Bildschirm sehen. Auch ein H\u00f6rverlust-Simulator stand bereit und machte erlebbar, wie ein Musikst\u00fcck mit unterschiedlich ausgepr\u00e4gtem H\u00f6rverlust klingt. Eine typische Form des H\u00f6rverlusts ist beispielsweise die altersbegleitende Schwerh\u00f6rigkeit, die sich anfangs vor allem darin \u00e4u\u00dfert, dass hohe T\u00f6ne nicht mehr so gut wahrgenommen werden. Die Ursache liegt in der H\u00f6rschnecke, der Cochlea. \u201eDie hohen Frequenzen werden an der Basis der Schnecke wahrgenommen, die tiefe T\u00f6ne in inneren Bereich\u201c, erkl\u00e4rte Laura. \u201eAn der Basis kommen aber alle Schallwellen durch, auch die niedrigen Frequenzen der tiefen T\u00f6ne, somit gibt es hier eine viel gr\u00f6\u00dfere Beanspruchung. Man kann sich das wie in einem Treppenhaus vorstellen \u2013 irgendwann sind die unteren Stufen ausgetreten, weil hier jeder dr\u00fcber l\u00e4uft.\u201c Aber nat\u00fcrlich stellt auch gro\u00dfe Lautst\u00e4rke, beispielsweise durch zu lautes Musikh\u00f6ren oder L\u00e4rm durch Maschinen, eine Gefahr f\u00fcr unsere Ohren dar, weshalb man, so Kreikemeier, auf jeden Fall auf Geh\u00f6rschutz achten sollte.<\/p>\n<p>Und H\u00f6ren ist wichtig. Nicht nur ist das H\u00f6ren einer der ausgepr\u00e4gtesten der f\u00fcnf Sinne, der H\u00f6rsinn ist auch immer aktiv, egal ob wir wach sind oder schlafen. Au\u00dferdem spielt er eine ganz wesentliche gesellschaftliche Rolle: \u201eDas H\u00f6rsystem gibt Lebensqualit\u00e4t. Ohne zu h\u00f6ren, kann man nicht am gesellschaftlichen Leben teilnehmen\u201c, sagte Kreikemeier und erg\u00e4nzte: \u201eEs gibt da ein Zitat von Kant, das lautet: \u201aNicht Sehen trennt von den Dingen, nicht H\u00f6ren trennt von den Menschen.\u2018\u201c Genau dieser soziale Aspekt mache f\u00fcr ihn die Faszination am H\u00f6ren aus. Auch die beiden Schwestern Laura und Sally haben sich l\u00e4ngst dem H\u00f6ren verschrieben: Nach der Schule haben sie erst einmal eine Ausbildung zur H\u00f6rger\u00e4takustikerin gemacht, bevor sie sich f\u00fcr den Studiengang H\u00f6rakustik eingeschrieben haben.<\/p>\n<p>Der Stand wurde von den B\u00fcrgerinnen und B\u00fcrger aus Aalen und Umgebung gut besucht. Besonders gut kam der H\u00f6rtest an. \u201eHeute Vormittag war hier eine richtige Schlange\u201c, sagte Studentin Sally lachend. Auch Doris Schulthei\u00df nutzte die Gelegenheit, sich einem H\u00f6rtest zu unterziehen. \u201eIch hatte das Gef\u00fchl, ich h\u00f6re nicht mehr gut und wollte mich da gerne mal testen lassen\u201c, sagte die 80-j\u00e4hrige Abtsgm\u00fcnderin. \u201eAls ich in der Zeitung vom Tag des H\u00f6rens gelesen habe, dachte ich sofort: Da geh ich hin.\u201c Denn: Hier konnte sie sich ganz unverbindlich und ohne lange auf einen Termin zu warten, testen lassen. Auch die Studierenden profitierten von der Aktion. Sie konnten hier das Gelernte praktisch anwenden und ganz viel \u00fcben. Doris Schulthei\u00df hat sich auch gleich als k\u00fcnftige Probandin eintragen lassen. Als kleines Geschenk gab es f\u00fcr sie noch ein kleines pinkfarbenes 3D-Druck-\u00d6hrchen. Denn: Individuelle Ohrpasst\u00fccke (Otoplastiken) werden heutzutage im 3D-Druckverfahren hergestellt. Im Rahmen des Kooperationsnetzwerks SmartPro, das durch Bundesmittel gef\u00f6rdert wird, forscht die Arbeitsgruppe von Steffen Kreikemeier hierzu an neuen Geometrien f\u00fcr Otoplastiken. Vielleicht k\u00f6nnen schon beim n\u00e4chsten H\u00f6rtag neue Otoplastiken demonstriert werden.<\/p>\n<p>Der erste \u201eTag des H\u00f6rens\u201c war jedenfalls ein voller Erfolg \u2013 und das, obwohl ganz kurzfristig einiges umgeplant werden musste. Umso stolzer ist Kreikemeier auf seine Studierenden: \u201eDie haben das echt gut gemacht!\u201c Einem zweiten Tag des H\u00f6rens steht somit in Zukunft nichts im Wege.<\/p>\n<p>[\/et_pb_text][et_pb_divider color=&#8221;#000000&#8243; divider_position=&#8221;center&#8221; divider_weight=&#8221;3px&#8221; _builder_version=&#8221;4.14.4&#8243; _module_preset=&#8221;default&#8221; width=&#8221;35%&#8221; module_alignment=&#8221;center&#8221; global_colors_info=&#8221;{}&#8221; theme_builder_area=&#8221;post_content&#8221;][\/et_pb_divider][et_pb_text admin_label=&#8221;Text&#8221; _builder_version=&#8221;4.14.4&#8243; background_size=&#8221;initial&#8221; background_position=&#8221;top_left&#8221; background_repeat=&#8221;repeat&#8221; hover_enabled=&#8221;0&#8243; global_colors_info=&#8221;{}&#8221; sticky_enabled=&#8221;0&#8243;]<\/p>\n<p><strong>Fotohinweis<\/strong>: \u00a9 Hochschule Aalen \/ Jana Ling<\/p>\n<p>[\/et_pb_text][\/et_pb_column][\/et_pb_row][\/et_pb_section]<\/p>\n","protected":false},"excerpt":{"rendered":"<p>Studierende der Hochschule Aalen informierten rund um das Thema H\u00f6ren <\/p>\n","protected":false},"author":5,"featured_media":2925,"comment_status":"open","ping_status":"open","sticky":false,"template":"","format":"standard","meta":{"_acf_changed":false,"_et_pb_use_builder":"on","_et_pb_old_content":"<em>Technologietag Leichtbau Regional in Schw\u00e4bisch Gm\u00fcnd<\/em>\r\n\r\n\u00a0\r\n\r\n<strong class=\"date\">Fr, 26. Oktober 2018<\/strong>\u00a0<span class=\"gray\">\u2192<\/span>\u00a0Wie wichtig der Technologietag Leichtbau Regional als lokale Veranstaltung neben einer zentralen Konferenz in Stuttgart sei, betonte Dr. Wolfgang Seeliger, Gesch\u00e4ftsf\u00fchrer der Landesagentur Leichtbau BW, in seiner Begr\u00fc\u00dfung. Das Thema Leichtbau m\u00fcsse in die Fl\u00e4che getragen werden, um das gro\u00dfe Potential f\u00fcr die Herausforderungen der Zukunft wie den Klimawandel auszusch\u00f6pfen und Wettbewerbsf\u00e4higkeit und Wohlstand in der Region zu sichern.\r\n\r\n\u00a0\r\n\r\n[caption id=\"attachment_1022\" align=\"alignnone\" width=\"768\"]<img class=\"wp-image-1022 size-large\" src=\"https:\/\/smart-pro.org\/en\/wp-content\/uploads\/sites\/2\/2018\/10\/181026_PM_Technologietag_Leichtbau_Regional_FotoKristinaLakomek-e1545054488606-768x1024.jpg\" alt=\"\" width=\"768\" height=\"1024\" \/> Hintere Reihe: Wolfgang Stoll, Prof. Dr. Markus Merkel\/HSA, Dr. Wolfgang Seeliger \/ Leichtbau BW; mittlere Reihe: J\u00f6rg Egelhaaf, Peter Schmidt\/IHK, vorne: Sarah W\u00f6rz\/IHK, Jan Grasmannsdorf, Dr. Wolfgang Rimkus\/HSA, Julian Schlosser\/HSA).[\/caption]\r\n\r\n\u00a0\r\n\r\nBildnachweis\/Quelle:","_et_gb_content_width":"","iawp_total_views":0,"footnotes":""},"categories":[20],"tags":[35,129,66,25,23,131,128,130,79,22],"class_list":["post-2922","post","type-post","status-publish","format-standard","has-post-thumbnail","hentry","category-news","tag-3d-druck","tag-audiologie","tag-fh-impuls","tag-forschung","tag-hochschule-aalen","tag-hoerakustik","tag-hoergeraete","tag-otoplastik","tag-smarte-produkte","tag-smartpro"],"acf":[],"yoast_head":"<!-- This site is optimized with the Yoast SEO plugin v25.8 - https:\/\/yoast.com\/wordpress\/plugins\/seo\/ -->\n<title>\u201eTag des H\u00f6rens\u201c stie\u00df auf offene Ohren - SmartPro \u2013 Key to Smart Products<\/title>\n<meta name=\"robots\" content=\"index, follow, max-snippet:-1, max-image-preview:large, max-video-preview:-1\" \/>\n<link rel=\"canonical\" href=\"https:\/\/smart-pro.org\/en\/blog\/2019\/08\/07\/tag-des-hoerens-stiess-auf-offene-ohren\/\" \/>\n<meta property=\"og:locale\" content=\"en_GB\" \/>\n<meta property=\"og:type\" content=\"article\" \/>\n<meta property=\"og:title\" content=\"\u201eTag des H\u00f6rens\u201c stie\u00df auf offene Ohren - SmartPro \u2013 Key to Smart Products\" \/>\n<meta property=\"og:description\" content=\"Studierende der Hochschule Aalen informierten rund um das Thema H\u00f6ren\" \/>\n<meta property=\"og:url\" content=\"https:\/\/smart-pro.org\/en\/blog\/2019\/08\/07\/tag-des-hoerens-stiess-auf-offene-ohren\/\" \/>\n<meta property=\"og:site_name\" content=\"SmartPro \u2013 Key to Smart Products\" \/>\n<meta property=\"article:published_time\" content=\"2019-08-07T11:39:43+00:00\" \/>\n<meta property=\"article:modified_time\" content=\"2022-01-04T13:46:59+00:00\" \/>\n<meta property=\"og:image\" content=\"https:\/\/smart-pro.org\/en\/wp-content\/uploads\/sites\/2\/2019\/08\/image_678_190807_Tag_des_H_rens_JanaLing.jpg\" \/>\n\t<meta property=\"og:image:width\" content=\"678\" \/>\n\t<meta property=\"og:image:height\" content=\"452\" \/>\n\t<meta property=\"og:image:type\" content=\"image\/jpeg\" \/>\n<meta name=\"author\" content=\"Anna Frank\" \/>\n<meta name=\"twitter:card\" content=\"summary_large_image\" \/>\n<meta name=\"twitter:label1\" content=\"Written by\" \/>\n\t<meta name=\"twitter:data1\" content=\"Anna Frank\" \/>\n\t<meta name=\"twitter:label2\" content=\"Estimated reading time\" \/>\n\t<meta name=\"twitter:data2\" content=\"5 minutes\" \/>\n<script type=\"application\/ld+json\" class=\"yoast-schema-graph\">{\"@context\":\"https:\/\/schema.org\",\"@graph\":[{\"@type\":\"WebPage\",\"@id\":\"https:\/\/smart-pro.org\/en\/blog\/2019\/08\/07\/tag-des-hoerens-stiess-auf-offene-ohren\/\",\"url\":\"https:\/\/smart-pro.org\/en\/blog\/2019\/08\/07\/tag-des-hoerens-stiess-auf-offene-ohren\/\",\"name\":\"\u201eTag des H\u00f6rens\u201c stie\u00df auf offene Ohren - SmartPro \u2013 Key to Smart Products\",\"isPartOf\":{\"@id\":\"https:\/\/smart-pro.org\/en\/#website\"},\"primaryImageOfPage\":{\"@id\":\"https:\/\/smart-pro.org\/en\/blog\/2019\/08\/07\/tag-des-hoerens-stiess-auf-offene-ohren\/#primaryimage\"},\"image\":{\"@id\":\"https:\/\/smart-pro.org\/en\/blog\/2019\/08\/07\/tag-des-hoerens-stiess-auf-offene-ohren\/#primaryimage\"},\"thumbnailUrl\":\"https:\/\/smart-pro.org\/en\/wp-content\/uploads\/sites\/2\/2019\/08\/image_678_190807_Tag_des_H_rens_JanaLing.jpg\",\"datePublished\":\"2019-08-07T11:39:43+00:00\",\"dateModified\":\"2022-01-04T13:46:59+00:00\",\"author\":{\"@id\":\"https:\/\/smart-pro.org\/en\/#\/schema\/person\/f88d179124646b04919b9900a0f9c690\"},\"breadcrumb\":{\"@id\":\"https:\/\/smart-pro.org\/en\/blog\/2019\/08\/07\/tag-des-hoerens-stiess-auf-offene-ohren\/#breadcrumb\"},\"inLanguage\":\"en-GB\",\"potentialAction\":[{\"@type\":\"ReadAction\",\"target\":[\"https:\/\/smart-pro.org\/en\/blog\/2019\/08\/07\/tag-des-hoerens-stiess-auf-offene-ohren\/\"]}]},{\"@type\":\"ImageObject\",\"inLanguage\":\"en-GB\",\"@id\":\"https:\/\/smart-pro.org\/en\/blog\/2019\/08\/07\/tag-des-hoerens-stiess-auf-offene-ohren\/#primaryimage\",\"url\":\"https:\/\/smart-pro.org\/en\/wp-content\/uploads\/sites\/2\/2019\/08\/image_678_190807_Tag_des_H_rens_JanaLing.jpg\",\"contentUrl\":\"https:\/\/smart-pro.org\/en\/wp-content\/uploads\/sites\/2\/2019\/08\/image_678_190807_Tag_des_H_rens_JanaLing.jpg\",\"width\":678,\"height\":452},{\"@type\":\"BreadcrumbList\",\"@id\":\"https:\/\/smart-pro.org\/en\/blog\/2019\/08\/07\/tag-des-hoerens-stiess-auf-offene-ohren\/#breadcrumb\",\"itemListElement\":[{\"@type\":\"ListItem\",\"position\":1,\"name\":\"Home\",\"item\":\"https:\/\/smart-pro.org\/en\/\"},{\"@type\":\"ListItem\",\"position\":2,\"name\":\"\u201eTag des H\u00f6rens\u201c stie\u00df auf offene Ohren\"}]},{\"@type\":\"WebSite\",\"@id\":\"https:\/\/smart-pro.org\/en\/#website\",\"url\":\"https:\/\/smart-pro.org\/en\/\",\"name\":\"SmartPro \u2013 Key to Smart Products\",\"description\":\"Klimaschutz durch Energie- und Ressourceneffizienz\",\"potentialAction\":[{\"@type\":\"SearchAction\",\"target\":{\"@type\":\"EntryPoint\",\"urlTemplate\":\"https:\/\/smart-pro.org\/en\/?s={search_term_string}\"},\"query-input\":{\"@type\":\"PropertyValueSpecification\",\"valueRequired\":true,\"valueName\":\"search_term_string\"}}],\"inLanguage\":\"en-GB\"},{\"@type\":\"Person\",\"@id\":\"https:\/\/smart-pro.org\/en\/#\/schema\/person\/f88d179124646b04919b9900a0f9c690\",\"name\":\"Anna Frank\",\"image\":{\"@type\":\"ImageObject\",\"inLanguage\":\"en-GB\",\"@id\":\"https:\/\/smart-pro.org\/en\/#\/schema\/person\/image\/\",\"url\":\"https:\/\/secure.gravatar.com\/avatar\/fe0c392fdee23b592c0289014e9ea023?s=96&d=mm&r=g\",\"contentUrl\":\"https:\/\/secure.gravatar.com\/avatar\/fe0c392fdee23b592c0289014e9ea023?s=96&d=mm&r=g\",\"caption\":\"Anna Frank\"},\"url\":\"https:\/\/smart-pro.org\/en\/blog\/author\/anna_frank\/\"}]}<\/script>\n<!-- \/ Yoast SEO plugin. -->","yoast_head_json":{"title":"\u201eTag des H\u00f6rens\u201c stie\u00df auf offene Ohren - SmartPro \u2013 Key to Smart Products","robots":{"index":"index","follow":"follow","max-snippet":"max-snippet:-1","max-image-preview":"max-image-preview:large","max-video-preview":"max-video-preview:-1"},"canonical":"https:\/\/smart-pro.org\/en\/blog\/2019\/08\/07\/tag-des-hoerens-stiess-auf-offene-ohren\/","og_locale":"en_GB","og_type":"article","og_title":"\u201eTag des H\u00f6rens\u201c stie\u00df auf offene Ohren - SmartPro \u2013 Key to Smart Products","og_description":"Studierende der Hochschule Aalen informierten rund um das Thema H\u00f6ren","og_url":"https:\/\/smart-pro.org\/en\/blog\/2019\/08\/07\/tag-des-hoerens-stiess-auf-offene-ohren\/","og_site_name":"SmartPro \u2013 Key to Smart Products","article_published_time":"2019-08-07T11:39:43+00:00","article_modified_time":"2022-01-04T13:46:59+00:00","og_image":[{"width":678,"height":452,"url":"https:\/\/smart-pro.org\/en\/wp-content\/uploads\/sites\/2\/2019\/08\/image_678_190807_Tag_des_H_rens_JanaLing.jpg","type":"image\/jpeg"}],"author":"Anna Frank","twitter_card":"summary_large_image","twitter_misc":{"Written by":"Anna Frank","Estimated reading time":"5 minutes"},"schema":{"@context":"https:\/\/schema.org","@graph":[{"@type":"WebPage","@id":"https:\/\/smart-pro.org\/en\/blog\/2019\/08\/07\/tag-des-hoerens-stiess-auf-offene-ohren\/","url":"https:\/\/smart-pro.org\/en\/blog\/2019\/08\/07\/tag-des-hoerens-stiess-auf-offene-ohren\/","name":"\u201eTag des H\u00f6rens\u201c stie\u00df auf offene Ohren - SmartPro \u2013 Key to Smart Products","isPartOf":{"@id":"https:\/\/smart-pro.org\/en\/#website"},"primaryImageOfPage":{"@id":"https:\/\/smart-pro.org\/en\/blog\/2019\/08\/07\/tag-des-hoerens-stiess-auf-offene-ohren\/#primaryimage"},"image":{"@id":"https:\/\/smart-pro.org\/en\/blog\/2019\/08\/07\/tag-des-hoerens-stiess-auf-offene-ohren\/#primaryimage"},"thumbnailUrl":"https:\/\/smart-pro.org\/en\/wp-content\/uploads\/sites\/2\/2019\/08\/image_678_190807_Tag_des_H_rens_JanaLing.jpg","datePublished":"2019-08-07T11:39:43+00:00","dateModified":"2022-01-04T13:46:59+00:00","author":{"@id":"https:\/\/smart-pro.org\/en\/#\/schema\/person\/f88d179124646b04919b9900a0f9c690"},"breadcrumb":{"@id":"https:\/\/smart-pro.org\/en\/blog\/2019\/08\/07\/tag-des-hoerens-stiess-auf-offene-ohren\/#breadcrumb"},"inLanguage":"en-GB","potentialAction":[{"@type":"ReadAction","target":["https:\/\/smart-pro.org\/en\/blog\/2019\/08\/07\/tag-des-hoerens-stiess-auf-offene-ohren\/"]}]},{"@type":"ImageObject","inLanguage":"en-GB","@id":"https:\/\/smart-pro.org\/en\/blog\/2019\/08\/07\/tag-des-hoerens-stiess-auf-offene-ohren\/#primaryimage","url":"https:\/\/smart-pro.org\/en\/wp-content\/uploads\/sites\/2\/2019\/08\/image_678_190807_Tag_des_H_rens_JanaLing.jpg","contentUrl":"https:\/\/smart-pro.org\/en\/wp-content\/uploads\/sites\/2\/2019\/08\/image_678_190807_Tag_des_H_rens_JanaLing.jpg","width":678,"height":452},{"@type":"BreadcrumbList","@id":"https:\/\/smart-pro.org\/en\/blog\/2019\/08\/07\/tag-des-hoerens-stiess-auf-offene-ohren\/#breadcrumb","itemListElement":[{"@type":"ListItem","position":1,"name":"Home","item":"https:\/\/smart-pro.org\/en\/"},{"@type":"ListItem","position":2,"name":"\u201eTag des H\u00f6rens\u201c stie\u00df auf offene Ohren"}]},{"@type":"WebSite","@id":"https:\/\/smart-pro.org\/en\/#website","url":"https:\/\/smart-pro.org\/en\/","name":"SmartPro \u2013 Key to Smart Products","description":"Klimaschutz durch Energie- und Ressourceneffizienz","potentialAction":[{"@type":"SearchAction","target":{"@type":"EntryPoint","urlTemplate":"https:\/\/smart-pro.org\/en\/?s={search_term_string}"},"query-input":{"@type":"PropertyValueSpecification","valueRequired":true,"valueName":"search_term_string"}}],"inLanguage":"en-GB"},{"@type":"Person","@id":"https:\/\/smart-pro.org\/en\/#\/schema\/person\/f88d179124646b04919b9900a0f9c690","name":"Anna Frank","image":{"@type":"ImageObject","inLanguage":"en-GB","@id":"https:\/\/smart-pro.org\/en\/#\/schema\/person\/image\/","url":"https:\/\/secure.gravatar.com\/avatar\/fe0c392fdee23b592c0289014e9ea023?s=96&d=mm&r=g","contentUrl":"https:\/\/secure.gravatar.com\/avatar\/fe0c392fdee23b592c0289014e9ea023?s=96&d=mm&r=g","caption":"Anna Frank"},"url":"https:\/\/smart-pro.org\/en\/blog\/author\/anna_frank\/"}]}},"_links":{"self":[{"href":"https:\/\/smart-pro.org\/en\/wp-json\/wp\/v2\/posts\/2922","targetHints":{"allow":["GET"]}}],"collection":[{"href":"https:\/\/smart-pro.org\/en\/wp-json\/wp\/v2\/posts"}],"about":[{"href":"https:\/\/smart-pro.org\/en\/wp-json\/wp\/v2\/types\/post"}],"author":[{"embeddable":true,"href":"https:\/\/smart-pro.org\/en\/wp-json\/wp\/v2\/users\/5"}],"replies":[{"embeddable":true,"href":"https:\/\/smart-pro.org\/en\/wp-json\/wp\/v2\/comments?post=2922"}],"version-history":[{"count":9,"href":"https:\/\/smart-pro.org\/en\/wp-json\/wp\/v2\/posts\/2922\/revisions"}],"predecessor-version":[{"id":8450,"href":"https:\/\/smart-pro.org\/en\/wp-json\/wp\/v2\/posts\/2922\/revisions\/8450"}],"wp:featuredmedia":[{"embeddable":true,"href":"https:\/\/smart-pro.org\/en\/wp-json\/wp\/v2\/media\/2925"}],"wp:attachment":[{"href":"https:\/\/smart-pro.org\/en\/wp-json\/wp\/v2\/media?parent=2922"}],"wp:term":[{"taxonomy":"category","embeddable":true,"href":"https:\/\/smart-pro.org\/en\/wp-json\/wp\/v2\/categories?post=2922"},{"taxonomy":"post_tag","embeddable":true,"href":"https:\/\/smart-pro.org\/en\/wp-json\/wp\/v2\/tags?post=2922"}],"curies":[{"name":"wp","href":"https:\/\/api.w.org\/{rel}","templated":true}]}}