{"id":3105,"date":"2019-12-05T12:59:15","date_gmt":"2019-12-05T11:59:15","guid":{"rendered":"https:\/\/smart-pro.org\/en\/2019\/11\/14\/transfertag-kmu-der-hochschule-aalen-copy\/"},"modified":"2022-01-03T14:48:56","modified_gmt":"2022-01-03T13:48:56","slug":"transfertag-kmu-der-hochschule-aalen-copy","status":"publish","type":"post","link":"https:\/\/smart-pro.org\/en\/blog\/2019\/12\/05\/transfertag-kmu-der-hochschule-aalen-copy\/","title":{"rendered":"Barbara Kolloquium"},"content":{"rendered":"<p>[et_pb_section fb_built=&#8221;1&#8243; admin_label=&#8221;section&#8221; _builder_version=&#8221;3.22&#8243; global_colors_info=&#8221;{}&#8221;][et_pb_row admin_label=&#8221;row&#8221; _builder_version=&#8221;3.25&#8243; background_size=&#8221;initial&#8221; background_position=&#8221;top_left&#8221; background_repeat=&#8221;repeat&#8221; global_colors_info=&#8221;{}&#8221;][et_pb_column type=&#8221;4_4&#8243; _builder_version=&#8221;3.25&#8243; custom_padding=&#8221;|||&#8221; global_colors_info=&#8221;{}&#8221; custom_padding__hover=&#8221;|||&#8221;][et_pb_text _builder_version=&#8221;4.14.4&#8243; background_size=&#8221;initial&#8221; background_position=&#8221;top_left&#8221; background_repeat=&#8221;repeat&#8221; global_colors_info=&#8221;{}&#8221;]<\/p>\n<p>In Zusammenarbeit mit der Landesgruppe S\u00fcd des Vereins Deutscher Giessereifachleute (VDG) findet am 5. Dezember 2019 das n\u00e4chste Barbara Kolloquium der Gie\u00dfereitechnologie der Hochschule Aalen statt.<\/p>\n<p>Forscher*innen und Partner des SmartPro-Impulsprojekts <span><a href=\"https:\/\/smart-pro.org\/en\/forschung\/leichtbau\/#indimat\">InDiMat<\/a><\/span> im Anwendungsfeld Leichtbau referieren unter anderem zu intelligenten Verfahrensans\u00e4tzen f\u00fcr hybriden Leichtbau wie Druckumgie\u00dfen oder Einfluss der Elektromobilit\u00e4t auf die Gussproduktion.<\/p>\n<p>[\/et_pb_text][\/et_pb_column][\/et_pb_row][\/et_pb_section]<\/p>\n","protected":false},"excerpt":{"rendered":"<p>Die Hochschule Aalen und SmartPro pr\u00e4sentieren im Rahmen des Barbara Kolloquiums neueste Ergebnisse aus der Forschung.<\/p>\n","protected":false},"author":5,"featured_media":8259,"comment_status":"closed","ping_status":"open","sticky":false,"template":"","format":"standard","meta":{"_acf_changed":false,"_et_pb_use_builder":"on","_et_pb_old_content":"\u00a0\r\n<h2>Subline<\/h2>\r\nSmartPro pr\u00e4sentierte 2018 Forschungsaktivit\u00e4ten und anwendungsorientierte L\u00f6sungsans\u00e4tze auf diversen Messen:\r\n<ul>\r\n \t<li>Hannover Messe 2018 23.\u201327.04.2018<\/li>\r\n \t<li>Make Ostw\u00fcrttemberg 22.\u201323.09.2018<\/li>\r\n \t<li>Experience Additive Manufacturing 25.\u201327.09.2018<\/li>\r\n<\/ul>\r\n\u00a0\r\n\r\nProf. Volker Knoblauch aus dem SmartPro-Team erl\u00e4utert: <em><strong>\u201eDie zahlreichen R\u00fcckkopplungen, die wir im Rahmen von Messen hatten, best\u00e4tigen uns erneut: Mit dem Themenspektrum, das wir in SmartPro aufgreifen, treffen wir den Zahn der Zeit. Dies zeigt sich auch in den zahlreichen spezifischen Anfragen von Unternehmen diverser Branchen sowie von Forschungseinrichtungen, aus denen sich zuk\u00fcnftig neue Kooperationen entwickeln k\u00f6nnen.\u201c<\/strong><\/em>\r\n\r\n\u00a0\r\n\r\n[gallery columns=\"4\" link=\"file\" ids=\"1122,1127,1129,1131\"]\r\n\r\n\u00a0\r\n\r\nBildnachweise\/Quellen:","_et_gb_content_width":"","iawp_total_views":0,"footnotes":""},"categories":[21],"tags":[132,133,66,25,23,22,134],"class_list":["post-3105","post","type-post","status-publish","format-standard","has-post-thumbnail","hentry","category-events-dates","tag-bmbf","tag-fachhochschulen","tag-fh-impuls","tag-forschung","tag-hochschule-aalen","tag-smartpro","tag-zukunftskonferenz"],"acf":[],"yoast_head":"<!-- This site is optimized with the Yoast SEO plugin v25.8 - https:\/\/yoast.com\/wordpress\/plugins\/seo\/ -->\n<title>Barbara Kolloquium - SmartPro \u2013 Key to Smart Products<\/title>\n<meta name=\"robots\" content=\"index, follow, max-snippet:-1, max-image-preview:large, max-video-preview:-1\" \/>\n<link rel=\"canonical\" href=\"https:\/\/smart-pro.org\/en\/blog\/2019\/12\/05\/transfertag-kmu-der-hochschule-aalen-copy\/\" \/>\n<meta property=\"og:locale\" content=\"en_GB\" \/>\n<meta property=\"og:type\" content=\"article\" \/>\n<meta property=\"og:title\" content=\"Barbara Kolloquium - SmartPro \u2013 Key to Smart Products\" \/>\n<meta property=\"og:description\" content=\"Die Hochschule Aalen und SmartPro pr\u00e4sentieren im Rahmen des Barbara Kolloquiums neueste Ergebnisse aus der Forschung.\" \/>\n<meta property=\"og:url\" content=\"https:\/\/smart-pro.org\/en\/blog\/2019\/12\/05\/transfertag-kmu-der-hochschule-aalen-copy\/\" \/>\n<meta property=\"og:site_name\" content=\"SmartPro \u2013 Key to Smart Products\" \/>\n<meta property=\"article:published_time\" content=\"2019-12-05T11:59:15+00:00\" \/>\n<meta property=\"article:modified_time\" content=\"2022-01-03T13:48:56+00:00\" \/>\n<meta property=\"og:image\" content=\"https:\/\/smart-pro.org\/en\/wp-content\/uploads\/sites\/2\/2019\/11\/Barbara_Kolloqium_IMG_2451_Beitragsbild-scaled.jpg\" \/>\n\t<meta property=\"og:image:width\" content=\"2560\" \/>\n\t<meta property=\"og:image:height\" content=\"1707\" \/>\n\t<meta property=\"og:image:type\" content=\"image\/jpeg\" \/>\n<meta name=\"author\" content=\"Anna Frank\" \/>\n<meta name=\"twitter:card\" content=\"summary_large_image\" \/>\n<meta name=\"twitter:label1\" content=\"Written by\" \/>\n\t<meta name=\"twitter:data1\" content=\"Anna Frank\" \/>\n\t<meta name=\"twitter:label2\" content=\"Estimated reading time\" \/>\n\t<meta name=\"twitter:data2\" content=\"1 minute\" \/>\n<script type=\"application\/ld+json\" class=\"yoast-schema-graph\">{\"@context\":\"https:\/\/schema.org\",\"@graph\":[{\"@type\":\"WebPage\",\"@id\":\"https:\/\/smart-pro.org\/en\/blog\/2019\/12\/05\/transfertag-kmu-der-hochschule-aalen-copy\/\",\"url\":\"https:\/\/smart-pro.org\/en\/blog\/2019\/12\/05\/transfertag-kmu-der-hochschule-aalen-copy\/\",\"name\":\"Barbara Kolloquium - SmartPro \u2013 Key to Smart Products\",\"isPartOf\":{\"@id\":\"https:\/\/smart-pro.org\/en\/#website\"},\"primaryImageOfPage\":{\"@id\":\"https:\/\/smart-pro.org\/en\/blog\/2019\/12\/05\/transfertag-kmu-der-hochschule-aalen-copy\/#primaryimage\"},\"image\":{\"@id\":\"https:\/\/smart-pro.org\/en\/blog\/2019\/12\/05\/transfertag-kmu-der-hochschule-aalen-copy\/#primaryimage\"},\"thumbnailUrl\":\"https:\/\/smart-pro.org\/en\/wp-content\/uploads\/sites\/2\/2019\/11\/Barbara_Kolloqium_IMG_2451_Beitragsbild-scaled.jpg\",\"datePublished\":\"2019-12-05T11:59:15+00:00\",\"dateModified\":\"2022-01-03T13:48:56+00:00\",\"author\":{\"@id\":\"https:\/\/smart-pro.org\/en\/#\/schema\/person\/f88d179124646b04919b9900a0f9c690\"},\"breadcrumb\":{\"@id\":\"https:\/\/smart-pro.org\/en\/blog\/2019\/12\/05\/transfertag-kmu-der-hochschule-aalen-copy\/#breadcrumb\"},\"inLanguage\":\"en-GB\",\"potentialAction\":[{\"@type\":\"ReadAction\",\"target\":[\"https:\/\/smart-pro.org\/en\/blog\/2019\/12\/05\/transfertag-kmu-der-hochschule-aalen-copy\/\"]}]},{\"@type\":\"ImageObject\",\"inLanguage\":\"en-GB\",\"@id\":\"https:\/\/smart-pro.org\/en\/blog\/2019\/12\/05\/transfertag-kmu-der-hochschule-aalen-copy\/#primaryimage\",\"url\":\"https:\/\/smart-pro.org\/en\/wp-content\/uploads\/sites\/2\/2019\/11\/Barbara_Kolloqium_IMG_2451_Beitragsbild-scaled.jpg\",\"contentUrl\":\"https:\/\/smart-pro.org\/en\/wp-content\/uploads\/sites\/2\/2019\/11\/Barbara_Kolloqium_IMG_2451_Beitragsbild-scaled.jpg\",\"width\":2560,\"height\":1707,\"caption\":\"Barbara Kolloqium 2019\"},{\"@type\":\"BreadcrumbList\",\"@id\":\"https:\/\/smart-pro.org\/en\/blog\/2019\/12\/05\/transfertag-kmu-der-hochschule-aalen-copy\/#breadcrumb\",\"itemListElement\":[{\"@type\":\"ListItem\",\"position\":1,\"name\":\"Home\",\"item\":\"https:\/\/smart-pro.org\/en\/\"},{\"@type\":\"ListItem\",\"position\":2,\"name\":\"Barbara Kolloquium\"}]},{\"@type\":\"WebSite\",\"@id\":\"https:\/\/smart-pro.org\/en\/#website\",\"url\":\"https:\/\/smart-pro.org\/en\/\",\"name\":\"SmartPro \u2013 Key to Smart Products\",\"description\":\"Klimaschutz durch Energie- und Ressourceneffizienz\",\"potentialAction\":[{\"@type\":\"SearchAction\",\"target\":{\"@type\":\"EntryPoint\",\"urlTemplate\":\"https:\/\/smart-pro.org\/en\/?s={search_term_string}\"},\"query-input\":{\"@type\":\"PropertyValueSpecification\",\"valueRequired\":true,\"valueName\":\"search_term_string\"}}],\"inLanguage\":\"en-GB\"},{\"@type\":\"Person\",\"@id\":\"https:\/\/smart-pro.org\/en\/#\/schema\/person\/f88d179124646b04919b9900a0f9c690\",\"name\":\"Anna Frank\",\"image\":{\"@type\":\"ImageObject\",\"inLanguage\":\"en-GB\",\"@id\":\"https:\/\/smart-pro.org\/en\/#\/schema\/person\/image\/\",\"url\":\"https:\/\/secure.gravatar.com\/avatar\/fe0c392fdee23b592c0289014e9ea023?s=96&d=mm&r=g\",\"contentUrl\":\"https:\/\/secure.gravatar.com\/avatar\/fe0c392fdee23b592c0289014e9ea023?s=96&d=mm&r=g\",\"caption\":\"Anna Frank\"},\"url\":\"https:\/\/smart-pro.org\/en\/blog\/author\/anna_frank\/\"}]}<\/script>\n<!-- \/ Yoast SEO plugin. -->","yoast_head_json":{"title":"Barbara Kolloquium - SmartPro \u2013 Key to Smart Products","robots":{"index":"index","follow":"follow","max-snippet":"max-snippet:-1","max-image-preview":"max-image-preview:large","max-video-preview":"max-video-preview:-1"},"canonical":"https:\/\/smart-pro.org\/en\/blog\/2019\/12\/05\/transfertag-kmu-der-hochschule-aalen-copy\/","og_locale":"en_GB","og_type":"article","og_title":"Barbara Kolloquium - SmartPro \u2013 Key to Smart Products","og_description":"Die Hochschule Aalen und SmartPro pr\u00e4sentieren im Rahmen des Barbara Kolloquiums neueste Ergebnisse aus der Forschung.","og_url":"https:\/\/smart-pro.org\/en\/blog\/2019\/12\/05\/transfertag-kmu-der-hochschule-aalen-copy\/","og_site_name":"SmartPro \u2013 Key to Smart Products","article_published_time":"2019-12-05T11:59:15+00:00","article_modified_time":"2022-01-03T13:48:56+00:00","og_image":[{"width":2560,"height":1707,"url":"https:\/\/smart-pro.org\/en\/wp-content\/uploads\/sites\/2\/2019\/11\/Barbara_Kolloqium_IMG_2451_Beitragsbild-scaled.jpg","type":"image\/jpeg"}],"author":"Anna Frank","twitter_card":"summary_large_image","twitter_misc":{"Written by":"Anna Frank","Estimated reading time":"1 minute"},"schema":{"@context":"https:\/\/schema.org","@graph":[{"@type":"WebPage","@id":"https:\/\/smart-pro.org\/en\/blog\/2019\/12\/05\/transfertag-kmu-der-hochschule-aalen-copy\/","url":"https:\/\/smart-pro.org\/en\/blog\/2019\/12\/05\/transfertag-kmu-der-hochschule-aalen-copy\/","name":"Barbara Kolloquium - SmartPro \u2013 Key to Smart Products","isPartOf":{"@id":"https:\/\/smart-pro.org\/en\/#website"},"primaryImageOfPage":{"@id":"https:\/\/smart-pro.org\/en\/blog\/2019\/12\/05\/transfertag-kmu-der-hochschule-aalen-copy\/#primaryimage"},"image":{"@id":"https:\/\/smart-pro.org\/en\/blog\/2019\/12\/05\/transfertag-kmu-der-hochschule-aalen-copy\/#primaryimage"},"thumbnailUrl":"https:\/\/smart-pro.org\/en\/wp-content\/uploads\/sites\/2\/2019\/11\/Barbara_Kolloqium_IMG_2451_Beitragsbild-scaled.jpg","datePublished":"2019-12-05T11:59:15+00:00","dateModified":"2022-01-03T13:48:56+00:00","author":{"@id":"https:\/\/smart-pro.org\/en\/#\/schema\/person\/f88d179124646b04919b9900a0f9c690"},"breadcrumb":{"@id":"https:\/\/smart-pro.org\/en\/blog\/2019\/12\/05\/transfertag-kmu-der-hochschule-aalen-copy\/#breadcrumb"},"inLanguage":"en-GB","potentialAction":[{"@type":"ReadAction","target":["https:\/\/smart-pro.org\/en\/blog\/2019\/12\/05\/transfertag-kmu-der-hochschule-aalen-copy\/"]}]},{"@type":"ImageObject","inLanguage":"en-GB","@id":"https:\/\/smart-pro.org\/en\/blog\/2019\/12\/05\/transfertag-kmu-der-hochschule-aalen-copy\/#primaryimage","url":"https:\/\/smart-pro.org\/en\/wp-content\/uploads\/sites\/2\/2019\/11\/Barbara_Kolloqium_IMG_2451_Beitragsbild-scaled.jpg","contentUrl":"https:\/\/smart-pro.org\/en\/wp-content\/uploads\/sites\/2\/2019\/11\/Barbara_Kolloqium_IMG_2451_Beitragsbild-scaled.jpg","width":2560,"height":1707,"caption":"Barbara Kolloqium 2019"},{"@type":"BreadcrumbList","@id":"https:\/\/smart-pro.org\/en\/blog\/2019\/12\/05\/transfertag-kmu-der-hochschule-aalen-copy\/#breadcrumb","itemListElement":[{"@type":"ListItem","position":1,"name":"Home","item":"https:\/\/smart-pro.org\/en\/"},{"@type":"ListItem","position":2,"name":"Barbara Kolloquium"}]},{"@type":"WebSite","@id":"https:\/\/smart-pro.org\/en\/#website","url":"https:\/\/smart-pro.org\/en\/","name":"SmartPro \u2013 Key to Smart Products","description":"Klimaschutz durch Energie- und Ressourceneffizienz","potentialAction":[{"@type":"SearchAction","target":{"@type":"EntryPoint","urlTemplate":"https:\/\/smart-pro.org\/en\/?s={search_term_string}"},"query-input":{"@type":"PropertyValueSpecification","valueRequired":true,"valueName":"search_term_string"}}],"inLanguage":"en-GB"},{"@type":"Person","@id":"https:\/\/smart-pro.org\/en\/#\/schema\/person\/f88d179124646b04919b9900a0f9c690","name":"Anna Frank","image":{"@type":"ImageObject","inLanguage":"en-GB","@id":"https:\/\/smart-pro.org\/en\/#\/schema\/person\/image\/","url":"https:\/\/secure.gravatar.com\/avatar\/fe0c392fdee23b592c0289014e9ea023?s=96&d=mm&r=g","contentUrl":"https:\/\/secure.gravatar.com\/avatar\/fe0c392fdee23b592c0289014e9ea023?s=96&d=mm&r=g","caption":"Anna Frank"},"url":"https:\/\/smart-pro.org\/en\/blog\/author\/anna_frank\/"}]}},"_links":{"self":[{"href":"https:\/\/smart-pro.org\/en\/wp-json\/wp\/v2\/posts\/3105","targetHints":{"allow":["GET"]}}],"collection":[{"href":"https:\/\/smart-pro.org\/en\/wp-json\/wp\/v2\/posts"}],"about":[{"href":"https:\/\/smart-pro.org\/en\/wp-json\/wp\/v2\/types\/post"}],"author":[{"embeddable":true,"href":"https:\/\/smart-pro.org\/en\/wp-json\/wp\/v2\/users\/5"}],"replies":[{"embeddable":true,"href":"https:\/\/smart-pro.org\/en\/wp-json\/wp\/v2\/comments?post=3105"}],"version-history":[{"count":10,"href":"https:\/\/smart-pro.org\/en\/wp-json\/wp\/v2\/posts\/3105\/revisions"}],"predecessor-version":[{"id":8300,"href":"https:\/\/smart-pro.org\/en\/wp-json\/wp\/v2\/posts\/3105\/revisions\/8300"}],"wp:featuredmedia":[{"embeddable":true,"href":"https:\/\/smart-pro.org\/en\/wp-json\/wp\/v2\/media\/8259"}],"wp:attachment":[{"href":"https:\/\/smart-pro.org\/en\/wp-json\/wp\/v2\/media?parent=3105"}],"wp:term":[{"taxonomy":"category","embeddable":true,"href":"https:\/\/smart-pro.org\/en\/wp-json\/wp\/v2\/categories?post=3105"},{"taxonomy":"post_tag","embeddable":true,"href":"https:\/\/smart-pro.org\/en\/wp-json\/wp\/v2\/tags?post=3105"}],"curies":[{"name":"wp","href":"https:\/\/api.w.org\/{rel}","templated":true}]}}