{"id":3223,"date":"2019-12-06T10:58:37","date_gmt":"2019-12-06T09:58:37","guid":{"rendered":"https:\/\/smart-pro.org\/en\/2019\/12\/06\/neue-materialien-fur-die-mobilitat-und-energie-von-morgen-copy\/"},"modified":"2022-01-04T15:50:13","modified_gmt":"2022-01-04T14:50:13","slug":"grosses-lob-fur-das-fino-bei-den-zvo-oberflachentagen","status":"publish","type":"post","link":"https:\/\/smart-pro.org\/en\/blog\/2019\/12\/06\/grosses-lob-fur-das-fino-bei-den-zvo-oberflachentagen\/","title":{"rendered":"Gro\u00dfes Lob f\u00fcr das FINO bei den ZVO-Oberfl\u00e4chentagen"},"content":{"rendered":"<p>[et_pb_section fb_built=&#8221;1&#8243; admin_label=&#8221;section&#8221; _builder_version=&#8221;3.22&#8243; global_colors_info=&#8221;{}&#8221;][et_pb_row admin_label=&#8221;row&#8221; _builder_version=&#8221;3.25&#8243; background_size=&#8221;initial&#8221; background_position=&#8221;top_left&#8221; background_repeat=&#8221;repeat&#8221; global_colors_info=&#8221;{}&#8221;][et_pb_column type=&#8221;4_4&#8243; _builder_version=&#8221;3.25&#8243; custom_padding=&#8221;|||&#8221; global_colors_info=&#8221;{}&#8221; custom_padding__hover=&#8221;|||&#8221;][et_pb_text admin_label=&#8221;Text&#8221; _builder_version=&#8221;4.14.4&#8243; background_size=&#8221;initial&#8221; background_position=&#8221;top_left&#8221; background_repeat=&#8221;repeat&#8221; global_colors_info=&#8221;{}&#8221;]<\/p>\n<p>K\u00fcrzlich fanden die ZVO-Oberfl\u00e4chentage \u2013 die Jahrestagung des Zentralverbandes Oberfl\u00e4chentechnik e.V. \u2013 statt. Vornehmliche Ziele dieser Tagung, die dieses Jahr in Berlin Halt machte, sind die gezielte Vernetzung von Forschung und Praxis zum Thema Galvano- und Oberfl\u00e4chentechnik und die Unterst\u00fctzung der branchen\u00fcbergreifenden Kommunikation. Bei insgesamt \u00fcber 90 Vortr\u00e4gen, 680 Teilnehmern aus Industrie und Akademie sowie einer begleitenden Industrieausstellung boten sich dem FINO zahlreiche M\u00f6glichkeiten, neue Kontakte zu kn\u00fcpfen und langj\u00e4hrige Partnerschaften zu pflegen.<\/p>\n<p>Nach dem interessanten und unterhaltsamen Begr\u00fc\u00dfungsabend, an welchem unter anderem Peter Altmaier, Bundesminister f\u00fcr Wirtschaft und Energie, sowie Wolfgang Bosbach Festvortr\u00e4ge hielten, standen Tag 2 und 3 ganz im Zeichen der zahlreichen Vortr\u00e4ge.<\/p>\n<p>Zum ersten Mal konnte das FINO seine aktuellen Forschungsarbeiten in einer eigenen Session mit Titel \u201eAnwendungsnahe Zukunftstechnologien\u201c und insgesamt f\u00fcnf Fachvortr\u00e4gen pr\u00e4sentieren. Den Anfang und Grundstein legte <a href=\"https:\/\/smart-pro.org\/en\/netzwerk\/forschende\/#timo-soergel\">Prof. Timo S\u00f6rgel<\/a> mit der \u201eValidierung der kontinuierlichen Kompositgalvanoformung zur Herstellung leistungsstarker Batteriekathoden\u201c. Joanna Komorowska gab im Anschluss Einblicke in die \u201eKompositgalvanoformung als Herstellungsmethode neuartiger, strukturierter, binderfreier Elektroden f\u00fcr Lithium-Ionen-Akkumulatoren\u201c. Dr. Sandra Meinhard referierte \u00fcber \u201eHochstrukturierte Cobalt-beschichtete Aluminiumlegierungspartikel f\u00fcr neue Lithium\/Schwefel-Semi-Flow-Akkumulatoren\u201c ehe Anne Wengel die Session mit Ihrem Vortrag \u201eNeuartige funktionalisierte Separatoren auf der Basis von anodisiertem Aluminium f\u00fcr Lithium-Schwefel-Akkumulatoren mit 3D-Metallschaumelektroden\u201c abschloss. In der darauffolgenden Session \u201eAlternative\/Erg\u00e4nzende Oberfl\u00e4chen zur Galvanotechnik\u201c pr\u00e4sentierte Katharina J\u00e4ger ihre Ergebnisse zu \u201eSuperamphiphobe Oberfl\u00e4chen durch Elektrophorese an intelligenten Substraten\u201c und komplettierte damit die Vorstellung der Forschungsfelder der Arbeitsgruppe S\u00f6rgel.<\/p>\n<p>\u201eSpannende Forschung\u201c und \u201esehr interessant\u201c sind nur einige der zahlreichen positiven R\u00fcckmeldungen, die Prof. S\u00f6rgel an diesem Tag mit nach Hause nehmen konnte. Ein besonderes Lob fasste die gelungene Vorstellung des FINO zusammen: \u201eEine tolle Truppe haben Sie da beisammen!\u201c<\/p>\n<p>[\/et_pb_text][et_pb_divider color=&#8221;#000000&#8243; divider_position=&#8221;center&#8221; divider_weight=&#8221;3px&#8221; _builder_version=&#8221;4.14.4&#8243; _module_preset=&#8221;default&#8221; width=&#8221;35%&#8221; module_alignment=&#8221;center&#8221; global_colors_info=&#8221;{}&#8221;][\/et_pb_divider][et_pb_text admin_label=&#8221;Text&#8221; _builder_version=&#8221;4.14.4&#8243; background_size=&#8221;initial&#8221; background_position=&#8221;top_left&#8221; background_repeat=&#8221;repeat&#8221; global_colors_info=&#8221;{}&#8221;]<\/p>\n<p><span style=\"font-size: 18px;\"><strong>Fotohinweis:<\/strong> <span class=\"gray\">Die FINO-Vertretung bei den ZVO-Oberfl\u00e4chentagen in Berlin: v.l.n.r. Anne Wengel, Sandra Meinhard, Timo S\u00f6rgel, Katharina J\u00e4ger, Joanna Komorowska | \u00a9 Hochschule Aalen<\/span><\/span><\/p>\n<p>[\/et_pb_text][\/et_pb_column][\/et_pb_row][\/et_pb_section]<\/p>\n","protected":false},"excerpt":{"rendered":"<p>FINO-Delegation der Hochschule Aalen zu Tagung in Berlin<\/p>\n","protected":false},"author":5,"featured_media":3225,"comment_status":"open","ping_status":"open","sticky":false,"template":"","format":"standard","meta":{"_acf_changed":false,"_et_pb_use_builder":"on","_et_pb_old_content":"<em>Technologietag Leichtbau Regional in Schw\u00e4bisch Gm\u00fcnd<\/em>\r\n\r\n\u00a0\r\n\r\n<strong class=\"date\">Fr, 26. Oktober 2018<\/strong>\u00a0<span class=\"gray\">\u2192<\/span>\u00a0Wie wichtig der Technologietag Leichtbau Regional als lokale Veranstaltung neben einer zentralen Konferenz in Stuttgart sei, betonte Dr. Wolfgang Seeliger, Gesch\u00e4ftsf\u00fchrer der Landesagentur Leichtbau BW, in seiner Begr\u00fc\u00dfung. Das Thema Leichtbau m\u00fcsse in die Fl\u00e4che getragen werden, um das gro\u00dfe Potential f\u00fcr die Herausforderungen der Zukunft wie den Klimawandel auszusch\u00f6pfen und Wettbewerbsf\u00e4higkeit und Wohlstand in der Region zu sichern.\r\n\r\n\u00a0\r\n\r\n[caption id=\"attachment_1022\" align=\"alignnone\" width=\"768\"]<img class=\"wp-image-1022 size-large\" src=\"https:\/\/smart-pro.org\/en\/wp-content\/uploads\/sites\/2\/2018\/10\/181026_PM_Technologietag_Leichtbau_Regional_FotoKristinaLakomek-e1545054488606-768x1024.jpg\" alt=\"\" width=\"768\" height=\"1024\" \/> Hintere Reihe: Wolfgang Stoll, Prof. Dr. Markus Merkel\/HSA, Dr. Wolfgang Seeliger \/ Leichtbau BW; mittlere Reihe: J\u00f6rg Egelhaaf, Peter Schmidt\/IHK, vorne: Sarah W\u00f6rz\/IHK, Jan Grasmannsdorf, Dr. Wolfgang Rimkus\/HSA, Julian Schlosser\/HSA).[\/caption]\r\n\r\n\u00a0\r\n\r\nBildnachweis\/Quelle:","_et_gb_content_width":"","iawp_total_views":1,"footnotes":""},"categories":[237,20],"tags":[66,52,25,23,142,42,53,79,22,51,141,143],"class_list":["post-3223","post","type-post","status-publish","format-standard","has-post-thumbnail","hentry","category-energy-storage","category-news","tag-fh-impuls","tag-fino","tag-forschung","tag-hochschule-aalen","tag-kongress","tag-materialforschung","tag-oberflaechen","tag-smarte-produkte","tag-smartpro","tag-soergel","tag-tagung","tag-zvo"],"acf":[],"yoast_head":"<!-- This site is optimized with the Yoast SEO plugin v25.8 - https:\/\/yoast.com\/wordpress\/plugins\/seo\/ -->\n<title>Gro\u00dfes Lob f\u00fcr das FINO bei den ZVO-Oberfl\u00e4chentagen - SmartPro \u2013 Key to Smart Products<\/title>\n<meta name=\"robots\" content=\"index, follow, max-snippet:-1, max-image-preview:large, max-video-preview:-1\" \/>\n<link rel=\"canonical\" href=\"https:\/\/smart-pro.org\/en\/blog\/2019\/12\/06\/grosses-lob-fur-das-fino-bei-den-zvo-oberflachentagen\/\" \/>\n<meta property=\"og:locale\" content=\"en_GB\" \/>\n<meta property=\"og:type\" content=\"article\" \/>\n<meta property=\"og:title\" content=\"Gro\u00dfes Lob f\u00fcr das FINO bei den ZVO-Oberfl\u00e4chentagen - SmartPro \u2013 Key to Smart Products\" \/>\n<meta property=\"og:description\" content=\"FINO-Delegation der Hochschule Aalen zu Tagung in Berlin\" \/>\n<meta property=\"og:url\" content=\"https:\/\/smart-pro.org\/en\/blog\/2019\/12\/06\/grosses-lob-fur-das-fino-bei-den-zvo-oberflachentagen\/\" \/>\n<meta property=\"og:site_name\" content=\"SmartPro \u2013 Key to Smart Products\" \/>\n<meta property=\"article:published_time\" content=\"2019-12-06T09:58:37+00:00\" \/>\n<meta property=\"article:modified_time\" content=\"2022-01-04T14:50:13+00:00\" \/>\n<meta property=\"og:image\" content=\"https:\/\/smart-pro.org\/en\/wp-content\/uploads\/sites\/2\/2019\/12\/image_678_FINO_bei_den_ZVO-Oberfl_chentagen_2019.jpg\" \/>\n\t<meta property=\"og:image:width\" content=\"678\" \/>\n\t<meta property=\"og:image:height\" content=\"509\" \/>\n\t<meta property=\"og:image:type\" content=\"image\/jpeg\" \/>\n<meta name=\"author\" content=\"Anna Frank\" \/>\n<meta name=\"twitter:card\" content=\"summary_large_image\" \/>\n<meta name=\"twitter:label1\" content=\"Written by\" \/>\n\t<meta name=\"twitter:data1\" content=\"Anna Frank\" \/>\n\t<meta name=\"twitter:label2\" content=\"Estimated reading time\" \/>\n\t<meta name=\"twitter:data2\" content=\"2 minutes\" \/>\n<script type=\"application\/ld+json\" class=\"yoast-schema-graph\">{\"@context\":\"https:\/\/schema.org\",\"@graph\":[{\"@type\":\"WebPage\",\"@id\":\"https:\/\/smart-pro.org\/en\/blog\/2019\/12\/06\/grosses-lob-fur-das-fino-bei-den-zvo-oberflachentagen\/\",\"url\":\"https:\/\/smart-pro.org\/en\/blog\/2019\/12\/06\/grosses-lob-fur-das-fino-bei-den-zvo-oberflachentagen\/\",\"name\":\"Gro\u00dfes Lob f\u00fcr das FINO bei den ZVO-Oberfl\u00e4chentagen - SmartPro \u2013 Key to Smart Products\",\"isPartOf\":{\"@id\":\"https:\/\/smart-pro.org\/en\/#website\"},\"primaryImageOfPage\":{\"@id\":\"https:\/\/smart-pro.org\/en\/blog\/2019\/12\/06\/grosses-lob-fur-das-fino-bei-den-zvo-oberflachentagen\/#primaryimage\"},\"image\":{\"@id\":\"https:\/\/smart-pro.org\/en\/blog\/2019\/12\/06\/grosses-lob-fur-das-fino-bei-den-zvo-oberflachentagen\/#primaryimage\"},\"thumbnailUrl\":\"https:\/\/smart-pro.org\/en\/wp-content\/uploads\/sites\/2\/2019\/12\/image_678_FINO_bei_den_ZVO-Oberfl_chentagen_2019.jpg\",\"datePublished\":\"2019-12-06T09:58:37+00:00\",\"dateModified\":\"2022-01-04T14:50:13+00:00\",\"author\":{\"@id\":\"https:\/\/smart-pro.org\/en\/#\/schema\/person\/f88d179124646b04919b9900a0f9c690\"},\"breadcrumb\":{\"@id\":\"https:\/\/smart-pro.org\/en\/blog\/2019\/12\/06\/grosses-lob-fur-das-fino-bei-den-zvo-oberflachentagen\/#breadcrumb\"},\"inLanguage\":\"en-GB\",\"potentialAction\":[{\"@type\":\"ReadAction\",\"target\":[\"https:\/\/smart-pro.org\/en\/blog\/2019\/12\/06\/grosses-lob-fur-das-fino-bei-den-zvo-oberflachentagen\/\"]}]},{\"@type\":\"ImageObject\",\"inLanguage\":\"en-GB\",\"@id\":\"https:\/\/smart-pro.org\/en\/blog\/2019\/12\/06\/grosses-lob-fur-das-fino-bei-den-zvo-oberflachentagen\/#primaryimage\",\"url\":\"https:\/\/smart-pro.org\/en\/wp-content\/uploads\/sites\/2\/2019\/12\/image_678_FINO_bei_den_ZVO-Oberfl_chentagen_2019.jpg\",\"contentUrl\":\"https:\/\/smart-pro.org\/en\/wp-content\/uploads\/sites\/2\/2019\/12\/image_678_FINO_bei_den_ZVO-Oberfl_chentagen_2019.jpg\",\"width\":678,\"height\":509},{\"@type\":\"BreadcrumbList\",\"@id\":\"https:\/\/smart-pro.org\/en\/blog\/2019\/12\/06\/grosses-lob-fur-das-fino-bei-den-zvo-oberflachentagen\/#breadcrumb\",\"itemListElement\":[{\"@type\":\"ListItem\",\"position\":1,\"name\":\"Home\",\"item\":\"https:\/\/smart-pro.org\/en\/\"},{\"@type\":\"ListItem\",\"position\":2,\"name\":\"Gro\u00dfes Lob f\u00fcr das FINO bei den ZVO-Oberfl\u00e4chentagen\"}]},{\"@type\":\"WebSite\",\"@id\":\"https:\/\/smart-pro.org\/en\/#website\",\"url\":\"https:\/\/smart-pro.org\/en\/\",\"name\":\"SmartPro \u2013 Key to Smart Products\",\"description\":\"Klimaschutz durch Energie- und Ressourceneffizienz\",\"potentialAction\":[{\"@type\":\"SearchAction\",\"target\":{\"@type\":\"EntryPoint\",\"urlTemplate\":\"https:\/\/smart-pro.org\/en\/?s={search_term_string}\"},\"query-input\":{\"@type\":\"PropertyValueSpecification\",\"valueRequired\":true,\"valueName\":\"search_term_string\"}}],\"inLanguage\":\"en-GB\"},{\"@type\":\"Person\",\"@id\":\"https:\/\/smart-pro.org\/en\/#\/schema\/person\/f88d179124646b04919b9900a0f9c690\",\"name\":\"Anna Frank\",\"image\":{\"@type\":\"ImageObject\",\"inLanguage\":\"en-GB\",\"@id\":\"https:\/\/smart-pro.org\/en\/#\/schema\/person\/image\/\",\"url\":\"https:\/\/secure.gravatar.com\/avatar\/fe0c392fdee23b592c0289014e9ea023?s=96&d=mm&r=g\",\"contentUrl\":\"https:\/\/secure.gravatar.com\/avatar\/fe0c392fdee23b592c0289014e9ea023?s=96&d=mm&r=g\",\"caption\":\"Anna Frank\"},\"url\":\"https:\/\/smart-pro.org\/en\/blog\/author\/anna_frank\/\"}]}<\/script>\n<!-- \/ Yoast SEO plugin. -->","yoast_head_json":{"title":"Gro\u00dfes Lob f\u00fcr das FINO bei den ZVO-Oberfl\u00e4chentagen - SmartPro \u2013 Key to Smart Products","robots":{"index":"index","follow":"follow","max-snippet":"max-snippet:-1","max-image-preview":"max-image-preview:large","max-video-preview":"max-video-preview:-1"},"canonical":"https:\/\/smart-pro.org\/en\/blog\/2019\/12\/06\/grosses-lob-fur-das-fino-bei-den-zvo-oberflachentagen\/","og_locale":"en_GB","og_type":"article","og_title":"Gro\u00dfes Lob f\u00fcr das FINO bei den ZVO-Oberfl\u00e4chentagen - SmartPro \u2013 Key to Smart Products","og_description":"FINO-Delegation der Hochschule Aalen zu Tagung in Berlin","og_url":"https:\/\/smart-pro.org\/en\/blog\/2019\/12\/06\/grosses-lob-fur-das-fino-bei-den-zvo-oberflachentagen\/","og_site_name":"SmartPro \u2013 Key to Smart Products","article_published_time":"2019-12-06T09:58:37+00:00","article_modified_time":"2022-01-04T14:50:13+00:00","og_image":[{"width":678,"height":509,"url":"https:\/\/smart-pro.org\/en\/wp-content\/uploads\/sites\/2\/2019\/12\/image_678_FINO_bei_den_ZVO-Oberfl_chentagen_2019.jpg","type":"image\/jpeg"}],"author":"Anna Frank","twitter_card":"summary_large_image","twitter_misc":{"Written by":"Anna Frank","Estimated reading time":"2 minutes"},"schema":{"@context":"https:\/\/schema.org","@graph":[{"@type":"WebPage","@id":"https:\/\/smart-pro.org\/en\/blog\/2019\/12\/06\/grosses-lob-fur-das-fino-bei-den-zvo-oberflachentagen\/","url":"https:\/\/smart-pro.org\/en\/blog\/2019\/12\/06\/grosses-lob-fur-das-fino-bei-den-zvo-oberflachentagen\/","name":"Gro\u00dfes Lob f\u00fcr das FINO bei den ZVO-Oberfl\u00e4chentagen - SmartPro \u2013 Key to Smart Products","isPartOf":{"@id":"https:\/\/smart-pro.org\/en\/#website"},"primaryImageOfPage":{"@id":"https:\/\/smart-pro.org\/en\/blog\/2019\/12\/06\/grosses-lob-fur-das-fino-bei-den-zvo-oberflachentagen\/#primaryimage"},"image":{"@id":"https:\/\/smart-pro.org\/en\/blog\/2019\/12\/06\/grosses-lob-fur-das-fino-bei-den-zvo-oberflachentagen\/#primaryimage"},"thumbnailUrl":"https:\/\/smart-pro.org\/en\/wp-content\/uploads\/sites\/2\/2019\/12\/image_678_FINO_bei_den_ZVO-Oberfl_chentagen_2019.jpg","datePublished":"2019-12-06T09:58:37+00:00","dateModified":"2022-01-04T14:50:13+00:00","author":{"@id":"https:\/\/smart-pro.org\/en\/#\/schema\/person\/f88d179124646b04919b9900a0f9c690"},"breadcrumb":{"@id":"https:\/\/smart-pro.org\/en\/blog\/2019\/12\/06\/grosses-lob-fur-das-fino-bei-den-zvo-oberflachentagen\/#breadcrumb"},"inLanguage":"en-GB","potentialAction":[{"@type":"ReadAction","target":["https:\/\/smart-pro.org\/en\/blog\/2019\/12\/06\/grosses-lob-fur-das-fino-bei-den-zvo-oberflachentagen\/"]}]},{"@type":"ImageObject","inLanguage":"en-GB","@id":"https:\/\/smart-pro.org\/en\/blog\/2019\/12\/06\/grosses-lob-fur-das-fino-bei-den-zvo-oberflachentagen\/#primaryimage","url":"https:\/\/smart-pro.org\/en\/wp-content\/uploads\/sites\/2\/2019\/12\/image_678_FINO_bei_den_ZVO-Oberfl_chentagen_2019.jpg","contentUrl":"https:\/\/smart-pro.org\/en\/wp-content\/uploads\/sites\/2\/2019\/12\/image_678_FINO_bei_den_ZVO-Oberfl_chentagen_2019.jpg","width":678,"height":509},{"@type":"BreadcrumbList","@id":"https:\/\/smart-pro.org\/en\/blog\/2019\/12\/06\/grosses-lob-fur-das-fino-bei-den-zvo-oberflachentagen\/#breadcrumb","itemListElement":[{"@type":"ListItem","position":1,"name":"Home","item":"https:\/\/smart-pro.org\/en\/"},{"@type":"ListItem","position":2,"name":"Gro\u00dfes Lob f\u00fcr das FINO bei den ZVO-Oberfl\u00e4chentagen"}]},{"@type":"WebSite","@id":"https:\/\/smart-pro.org\/en\/#website","url":"https:\/\/smart-pro.org\/en\/","name":"SmartPro \u2013 Key to Smart Products","description":"Klimaschutz durch Energie- und Ressourceneffizienz","potentialAction":[{"@type":"SearchAction","target":{"@type":"EntryPoint","urlTemplate":"https:\/\/smart-pro.org\/en\/?s={search_term_string}"},"query-input":{"@type":"PropertyValueSpecification","valueRequired":true,"valueName":"search_term_string"}}],"inLanguage":"en-GB"},{"@type":"Person","@id":"https:\/\/smart-pro.org\/en\/#\/schema\/person\/f88d179124646b04919b9900a0f9c690","name":"Anna Frank","image":{"@type":"ImageObject","inLanguage":"en-GB","@id":"https:\/\/smart-pro.org\/en\/#\/schema\/person\/image\/","url":"https:\/\/secure.gravatar.com\/avatar\/fe0c392fdee23b592c0289014e9ea023?s=96&d=mm&r=g","contentUrl":"https:\/\/secure.gravatar.com\/avatar\/fe0c392fdee23b592c0289014e9ea023?s=96&d=mm&r=g","caption":"Anna Frank"},"url":"https:\/\/smart-pro.org\/en\/blog\/author\/anna_frank\/"}]}},"_links":{"self":[{"href":"https:\/\/smart-pro.org\/en\/wp-json\/wp\/v2\/posts\/3223","targetHints":{"allow":["GET"]}}],"collection":[{"href":"https:\/\/smart-pro.org\/en\/wp-json\/wp\/v2\/posts"}],"about":[{"href":"https:\/\/smart-pro.org\/en\/wp-json\/wp\/v2\/types\/post"}],"author":[{"embeddable":true,"href":"https:\/\/smart-pro.org\/en\/wp-json\/wp\/v2\/users\/5"}],"replies":[{"embeddable":true,"href":"https:\/\/smart-pro.org\/en\/wp-json\/wp\/v2\/comments?post=3223"}],"version-history":[{"count":9,"href":"https:\/\/smart-pro.org\/en\/wp-json\/wp\/v2\/posts\/3223\/revisions"}],"predecessor-version":[{"id":8530,"href":"https:\/\/smart-pro.org\/en\/wp-json\/wp\/v2\/posts\/3223\/revisions\/8530"}],"wp:featuredmedia":[{"embeddable":true,"href":"https:\/\/smart-pro.org\/en\/wp-json\/wp\/v2\/media\/3225"}],"wp:attachment":[{"href":"https:\/\/smart-pro.org\/en\/wp-json\/wp\/v2\/media?parent=3223"}],"wp:term":[{"taxonomy":"category","embeddable":true,"href":"https:\/\/smart-pro.org\/en\/wp-json\/wp\/v2\/categories?post=3223"},{"taxonomy":"post_tag","embeddable":true,"href":"https:\/\/smart-pro.org\/en\/wp-json\/wp\/v2\/tags?post=3223"}],"curies":[{"name":"wp","href":"https:\/\/api.w.org\/{rel}","templated":true}]}}