{"id":3723,"date":"2020-01-16T17:46:00","date_gmt":"2020-01-16T16:46:00","guid":{"rendered":"https:\/\/smart-pro.org\/en\/2020\/01\/17\/etwas-neues-herauszufinden-das-treibt-mich-an-copy-copy\/"},"modified":"2022-01-04T16:12:25","modified_gmt":"2022-01-04T15:12:25","slug":"projekt-zur-kunstlichen-intelligenz-wird-mit-280-000-euro-gefordert","status":"publish","type":"post","link":"https:\/\/smart-pro.org\/en\/blog\/2020\/01\/16\/projekt-zur-kunstlichen-intelligenz-wird-mit-280-000-euro-gefordert\/","title":{"rendered":"Projekt zur K\u00fcnstlichen Intelligenz wird gef\u00f6rdert"},"content":{"rendered":"<p>[et_pb_section fb_built=&#8221;1&#8243; admin_label=&#8221;section&#8221; _builder_version=&#8221;4.1&#8243; global_colors_info=&#8221;{}&#8221;][et_pb_row admin_label=&#8221;row&#8221; _builder_version=&#8221;4.14.4&#8243; background_size=&#8221;initial&#8221; background_position=&#8221;top_left&#8221; background_repeat=&#8221;repeat&#8221; custom_padding=&#8221;0px|0px|0px|0px|false|false&#8221; hover_enabled=&#8221;0&#8243; global_colors_info=&#8221;{}&#8221; sticky_enabled=&#8221;0&#8243;][et_pb_column type=&#8221;4_4&#8243; _builder_version=&#8221;3.25&#8243; custom_padding=&#8221;|||&#8221; global_colors_info=&#8221;{}&#8221; custom_padding__hover=&#8221;|||&#8221;][et_pb_text admin_label=&#8221;Text&#8221; _builder_version=&#8221;4.14.4&#8243; background_size=&#8221;initial&#8221; background_position=&#8221;top_left&#8221; background_repeat=&#8221;repeat&#8221; custom_margin=&#8221;0px||||false|false&#8221; hover_enabled=&#8221;0&#8243; global_colors_info=&#8221;{}&#8221; sticky_enabled=&#8221;0&#8243;]<\/p>\n<p>Das baden-w\u00fcrttembergische Wirtschaftsministerium f\u00f6rdert neun innovative Projekte, die K\u00fcnstliche Intelligenz (KI) erforschen und in die Anwendung bringen sollen, mit insgesamt 2,5 Millionen Euro. Darunter ist das Projekt \u201eSimKI\u201c unter der Leitung von <a href=\"https:\/\/smart-pro.org\/en\/netzwerk\/forschende\/#sebastian-feldmann\" rel=\"noreferrer\">Prof. Dr. Sebastian Feldmann<\/a> und <a href=\"https:\/\/smart-pro.org\/en\/netzwerk\/forschende\/#wolfgang-rimkus\" rel=\"noreferrer\">Dr. Wolfgang Rimkus<\/a> von der Hochschule Aalen. Ziel des mit rund 280.000 Euro gef\u00f6rderten Projekts ist es, mit einer durch Simulationsdaten angelernten KI die Qualit\u00e4t von Leichtbau- und Metallbauteilen w\u00e4hrend der Herstellung zu bewerten und die Prozessparameter f\u00fcr eine optimierte Qualit\u00e4t in Echtzeit anzupassen. Neben der Hochschule Aalen sind die INNEO Solutions GmbH<a href=\"https:\/\/www.inneo.de\/de\/\" rel=\"noopener noreferrer\" target=\"_blank\"><\/a> in Ellwangen, die Karl Walter Formen und Kokillenbau GmbH<a href=\"http:\/\/www.walter-formenbau.com\/\" rel=\"noopener noreferrer\" target=\"_blank\"><\/a> in G\u00f6ppingen und die Gaugler &amp; Lutz oHG<a href=\"https:\/\/www.gaugler-lutz.de\/\" rel=\"noopener noreferrer\" target=\"_blank\"><\/a> in Aalen-Ebnat als Partner an dem Forschungsprojekt beteiligt.\u00a0<\/p>\n<p>[\/et_pb_text][et_pb_divider color=&#8221;#000000&#8243; divider_position=&#8221;center&#8221; divider_weight=&#8221;3px&#8221; _builder_version=&#8221;4.14.4&#8243; _module_preset=&#8221;default&#8221; width=&#8221;35%&#8221; module_alignment=&#8221;center&#8221; global_colors_info=&#8221;{}&#8221; theme_builder_area=&#8221;post_content&#8221;][\/et_pb_divider][et_pb_text admin_label=&#8221;Text&#8221; _builder_version=&#8221;4.14.4&#8243; background_size=&#8221;initial&#8221; background_position=&#8221;top_left&#8221; background_repeat=&#8221;repeat&#8221; custom_margin=&#8221;0px||||false|false&#8221; hover_enabled=&#8221;0&#8243; global_colors_info=&#8221;{}&#8221; sticky_enabled=&#8221;0&#8243;]<\/p>\n<p><span class=\"gray\"><strong class=\"date\"><\/strong><\/span><\/p>\n<p><strong>Fotohinweis:<\/strong> Unter insgesamt 40 eingereichten Projektantr\u00e4gen, konnte das Projekt \u201eSimKI\u201c der Hochschule \u00fcberzeugen und ist nun eines von insgesamt neun gef\u00f6rderten KI-Projekten des Wirtschaftsministeriums | \u00a9 Shutterstock<\/p>\n<p>[\/et_pb_text][\/et_pb_column][\/et_pb_row][\/et_pb_section]<\/p>\n","protected":false},"excerpt":{"rendered":"<p>Startschuss f\u00fcr das mit 280.000 Euro gef\u00f6rderte Projekt \u201eSimKI\u201c an der Hochschule Aalen ist gefallen.<\/p>\n","protected":false},"author":5,"featured_media":3725,"comment_status":"open","ping_status":"open","sticky":false,"template":"","format":"standard","meta":{"_acf_changed":false,"_et_pb_use_builder":"on","_et_pb_old_content":"<em>Technologietag Leichtbau Regional in Schw\u00e4bisch Gm\u00fcnd<\/em>\r\n\r\n\u00a0\r\n\r\n<strong class=\"date\">Fr, 26. Oktober 2018<\/strong>\u00a0<span class=\"gray\">\u2192<\/span>\u00a0Wie wichtig der Technologietag Leichtbau Regional als lokale Veranstaltung neben einer zentralen Konferenz in Stuttgart sei, betonte Dr. Wolfgang Seeliger, Gesch\u00e4ftsf\u00fchrer der Landesagentur Leichtbau BW, in seiner Begr\u00fc\u00dfung. Das Thema Leichtbau m\u00fcsse in die Fl\u00e4che getragen werden, um das gro\u00dfe Potential f\u00fcr die Herausforderungen der Zukunft wie den Klimawandel auszusch\u00f6pfen und Wettbewerbsf\u00e4higkeit und Wohlstand in der Region zu sichern.\r\n\r\n\u00a0\r\n\r\n[caption id=\"attachment_1022\" align=\"alignnone\" width=\"768\"]<img class=\"wp-image-1022 size-large\" src=\"https:\/\/smart-pro.org\/en\/wp-content\/uploads\/sites\/2\/2018\/10\/181026_PM_Technologietag_Leichtbau_Regional_FotoKristinaLakomek-e1545054488606-768x1024.jpg\" alt=\"\" width=\"768\" height=\"1024\" \/> Hintere Reihe: Wolfgang Stoll, Prof. Dr. Markus Merkel\/HSA, Dr. Wolfgang Seeliger \/ Leichtbau BW; mittlere Reihe: J\u00f6rg Egelhaaf, Peter Schmidt\/IHK, vorne: Sarah W\u00f6rz\/IHK, Jan Grasmannsdorf, Dr. Wolfgang Rimkus\/HSA, Julian Schlosser\/HSA).[\/caption]\r\n\r\n\u00a0\r\n\r\nBildnachweis\/Quelle:","_et_gb_content_width":"","iawp_total_views":0,"footnotes":""},"categories":[238,240,20],"tags":[97,162,66,23,161,44,163,164,165],"class_list":["post-3723","post","type-post","status-publish","format-standard","has-post-thumbnail","hentry","category-lightweight-construction","category-machine-learning","category-news","tag-digitalisierung","tag-feldmann","tag-fh-impuls","tag-hochschule-aalen","tag-ki","tag-kuenstliche-intelligenz","tag-rimkus","tag-simki","tag-simulation"],"acf":[],"yoast_head":"<!-- This site is optimized with the Yoast SEO plugin v25.8 - https:\/\/yoast.com\/wordpress\/plugins\/seo\/ -->\n<title>Projekt zur K\u00fcnstlichen Intelligenz wird gef\u00f6rdert - SmartPro \u2013 Key to Smart Products<\/title>\n<meta name=\"robots\" content=\"index, follow, max-snippet:-1, max-image-preview:large, max-video-preview:-1\" \/>\n<link rel=\"canonical\" href=\"https:\/\/smart-pro.org\/en\/blog\/2020\/01\/16\/projekt-zur-kunstlichen-intelligenz-wird-mit-280-000-euro-gefordert\/\" \/>\n<meta property=\"og:locale\" content=\"en_GB\" \/>\n<meta property=\"og:type\" content=\"article\" \/>\n<meta property=\"og:title\" content=\"Projekt zur K\u00fcnstlichen Intelligenz wird gef\u00f6rdert - SmartPro \u2013 Key to Smart Products\" \/>\n<meta property=\"og:description\" content=\"Startschuss f\u00fcr das mit 280.000 Euro gef\u00f6rderte Projekt \u201eSimKI\u201c an der Hochschule Aalen ist gefallen.\" \/>\n<meta property=\"og:url\" content=\"https:\/\/smart-pro.org\/en\/blog\/2020\/01\/16\/projekt-zur-kunstlichen-intelligenz-wird-mit-280-000-euro-gefordert\/\" \/>\n<meta property=\"og:site_name\" content=\"SmartPro \u2013 Key to Smart Products\" \/>\n<meta property=\"article:published_time\" content=\"2020-01-16T16:46:00+00:00\" \/>\n<meta property=\"article:modified_time\" content=\"2022-01-04T15:12:25+00:00\" \/>\n<meta property=\"og:image\" content=\"https:\/\/smart-pro.org\/en\/wp-content\/uploads\/sites\/2\/2020\/01\/image_678_200115_F_rderung_f_r_KI-Projekt_shutterstock.jpg\" \/>\n\t<meta property=\"og:image:width\" content=\"678\" \/>\n\t<meta property=\"og:image:height\" content=\"295\" \/>\n\t<meta property=\"og:image:type\" content=\"image\/jpeg\" \/>\n<meta name=\"author\" content=\"Anna Frank\" \/>\n<meta name=\"twitter:card\" content=\"summary_large_image\" \/>\n<meta name=\"twitter:label1\" content=\"Written by\" \/>\n\t<meta name=\"twitter:data1\" content=\"Anna Frank\" \/>\n\t<meta name=\"twitter:label2\" content=\"Estimated reading time\" \/>\n\t<meta name=\"twitter:data2\" content=\"2 minutes\" \/>\n<script type=\"application\/ld+json\" class=\"yoast-schema-graph\">{\"@context\":\"https:\/\/schema.org\",\"@graph\":[{\"@type\":\"WebPage\",\"@id\":\"https:\/\/smart-pro.org\/en\/blog\/2020\/01\/16\/projekt-zur-kunstlichen-intelligenz-wird-mit-280-000-euro-gefordert\/\",\"url\":\"https:\/\/smart-pro.org\/en\/blog\/2020\/01\/16\/projekt-zur-kunstlichen-intelligenz-wird-mit-280-000-euro-gefordert\/\",\"name\":\"Projekt zur K\u00fcnstlichen Intelligenz wird gef\u00f6rdert - SmartPro \u2013 Key to Smart Products\",\"isPartOf\":{\"@id\":\"https:\/\/smart-pro.org\/en\/#website\"},\"primaryImageOfPage\":{\"@id\":\"https:\/\/smart-pro.org\/en\/blog\/2020\/01\/16\/projekt-zur-kunstlichen-intelligenz-wird-mit-280-000-euro-gefordert\/#primaryimage\"},\"image\":{\"@id\":\"https:\/\/smart-pro.org\/en\/blog\/2020\/01\/16\/projekt-zur-kunstlichen-intelligenz-wird-mit-280-000-euro-gefordert\/#primaryimage\"},\"thumbnailUrl\":\"https:\/\/smart-pro.org\/en\/wp-content\/uploads\/sites\/2\/2020\/01\/image_678_200115_F_rderung_f_r_KI-Projekt_shutterstock.jpg\",\"datePublished\":\"2020-01-16T16:46:00+00:00\",\"dateModified\":\"2022-01-04T15:12:25+00:00\",\"author\":{\"@id\":\"https:\/\/smart-pro.org\/en\/#\/schema\/person\/f88d179124646b04919b9900a0f9c690\"},\"breadcrumb\":{\"@id\":\"https:\/\/smart-pro.org\/en\/blog\/2020\/01\/16\/projekt-zur-kunstlichen-intelligenz-wird-mit-280-000-euro-gefordert\/#breadcrumb\"},\"inLanguage\":\"en-GB\",\"potentialAction\":[{\"@type\":\"ReadAction\",\"target\":[\"https:\/\/smart-pro.org\/en\/blog\/2020\/01\/16\/projekt-zur-kunstlichen-intelligenz-wird-mit-280-000-euro-gefordert\/\"]}]},{\"@type\":\"ImageObject\",\"inLanguage\":\"en-GB\",\"@id\":\"https:\/\/smart-pro.org\/en\/blog\/2020\/01\/16\/projekt-zur-kunstlichen-intelligenz-wird-mit-280-000-euro-gefordert\/#primaryimage\",\"url\":\"https:\/\/smart-pro.org\/en\/wp-content\/uploads\/sites\/2\/2020\/01\/image_678_200115_F_rderung_f_r_KI-Projekt_shutterstock.jpg\",\"contentUrl\":\"https:\/\/smart-pro.org\/en\/wp-content\/uploads\/sites\/2\/2020\/01\/image_678_200115_F_rderung_f_r_KI-Projekt_shutterstock.jpg\",\"width\":678,\"height\":295,\"caption\":\"Startschuss f\u00fcr \u201eSimKI\u201c an der Hochschule Aalen ist gefallen\"},{\"@type\":\"BreadcrumbList\",\"@id\":\"https:\/\/smart-pro.org\/en\/blog\/2020\/01\/16\/projekt-zur-kunstlichen-intelligenz-wird-mit-280-000-euro-gefordert\/#breadcrumb\",\"itemListElement\":[{\"@type\":\"ListItem\",\"position\":1,\"name\":\"Home\",\"item\":\"https:\/\/smart-pro.org\/en\/\"},{\"@type\":\"ListItem\",\"position\":2,\"name\":\"Projekt zur K\u00fcnstlichen Intelligenz wird gef\u00f6rdert\"}]},{\"@type\":\"WebSite\",\"@id\":\"https:\/\/smart-pro.org\/en\/#website\",\"url\":\"https:\/\/smart-pro.org\/en\/\",\"name\":\"SmartPro \u2013 Key to Smart Products\",\"description\":\"Klimaschutz durch Energie- und Ressourceneffizienz\",\"potentialAction\":[{\"@type\":\"SearchAction\",\"target\":{\"@type\":\"EntryPoint\",\"urlTemplate\":\"https:\/\/smart-pro.org\/en\/?s={search_term_string}\"},\"query-input\":{\"@type\":\"PropertyValueSpecification\",\"valueRequired\":true,\"valueName\":\"search_term_string\"}}],\"inLanguage\":\"en-GB\"},{\"@type\":\"Person\",\"@id\":\"https:\/\/smart-pro.org\/en\/#\/schema\/person\/f88d179124646b04919b9900a0f9c690\",\"name\":\"Anna Frank\",\"image\":{\"@type\":\"ImageObject\",\"inLanguage\":\"en-GB\",\"@id\":\"https:\/\/smart-pro.org\/en\/#\/schema\/person\/image\/\",\"url\":\"https:\/\/secure.gravatar.com\/avatar\/fe0c392fdee23b592c0289014e9ea023?s=96&d=mm&r=g\",\"contentUrl\":\"https:\/\/secure.gravatar.com\/avatar\/fe0c392fdee23b592c0289014e9ea023?s=96&d=mm&r=g\",\"caption\":\"Anna Frank\"},\"url\":\"https:\/\/smart-pro.org\/en\/blog\/author\/anna_frank\/\"}]}<\/script>\n<!-- \/ Yoast SEO plugin. -->","yoast_head_json":{"title":"Projekt zur K\u00fcnstlichen Intelligenz wird gef\u00f6rdert - SmartPro \u2013 Key to Smart Products","robots":{"index":"index","follow":"follow","max-snippet":"max-snippet:-1","max-image-preview":"max-image-preview:large","max-video-preview":"max-video-preview:-1"},"canonical":"https:\/\/smart-pro.org\/en\/blog\/2020\/01\/16\/projekt-zur-kunstlichen-intelligenz-wird-mit-280-000-euro-gefordert\/","og_locale":"en_GB","og_type":"article","og_title":"Projekt zur K\u00fcnstlichen Intelligenz wird gef\u00f6rdert - SmartPro \u2013 Key to Smart Products","og_description":"Startschuss f\u00fcr das mit 280.000 Euro gef\u00f6rderte Projekt \u201eSimKI\u201c an der Hochschule Aalen ist gefallen.","og_url":"https:\/\/smart-pro.org\/en\/blog\/2020\/01\/16\/projekt-zur-kunstlichen-intelligenz-wird-mit-280-000-euro-gefordert\/","og_site_name":"SmartPro \u2013 Key to Smart Products","article_published_time":"2020-01-16T16:46:00+00:00","article_modified_time":"2022-01-04T15:12:25+00:00","og_image":[{"width":678,"height":295,"url":"https:\/\/smart-pro.org\/en\/wp-content\/uploads\/sites\/2\/2020\/01\/image_678_200115_F_rderung_f_r_KI-Projekt_shutterstock.jpg","type":"image\/jpeg"}],"author":"Anna Frank","twitter_card":"summary_large_image","twitter_misc":{"Written by":"Anna Frank","Estimated reading time":"2 minutes"},"schema":{"@context":"https:\/\/schema.org","@graph":[{"@type":"WebPage","@id":"https:\/\/smart-pro.org\/en\/blog\/2020\/01\/16\/projekt-zur-kunstlichen-intelligenz-wird-mit-280-000-euro-gefordert\/","url":"https:\/\/smart-pro.org\/en\/blog\/2020\/01\/16\/projekt-zur-kunstlichen-intelligenz-wird-mit-280-000-euro-gefordert\/","name":"Projekt zur K\u00fcnstlichen Intelligenz wird gef\u00f6rdert - SmartPro \u2013 Key to Smart Products","isPartOf":{"@id":"https:\/\/smart-pro.org\/en\/#website"},"primaryImageOfPage":{"@id":"https:\/\/smart-pro.org\/en\/blog\/2020\/01\/16\/projekt-zur-kunstlichen-intelligenz-wird-mit-280-000-euro-gefordert\/#primaryimage"},"image":{"@id":"https:\/\/smart-pro.org\/en\/blog\/2020\/01\/16\/projekt-zur-kunstlichen-intelligenz-wird-mit-280-000-euro-gefordert\/#primaryimage"},"thumbnailUrl":"https:\/\/smart-pro.org\/en\/wp-content\/uploads\/sites\/2\/2020\/01\/image_678_200115_F_rderung_f_r_KI-Projekt_shutterstock.jpg","datePublished":"2020-01-16T16:46:00+00:00","dateModified":"2022-01-04T15:12:25+00:00","author":{"@id":"https:\/\/smart-pro.org\/en\/#\/schema\/person\/f88d179124646b04919b9900a0f9c690"},"breadcrumb":{"@id":"https:\/\/smart-pro.org\/en\/blog\/2020\/01\/16\/projekt-zur-kunstlichen-intelligenz-wird-mit-280-000-euro-gefordert\/#breadcrumb"},"inLanguage":"en-GB","potentialAction":[{"@type":"ReadAction","target":["https:\/\/smart-pro.org\/en\/blog\/2020\/01\/16\/projekt-zur-kunstlichen-intelligenz-wird-mit-280-000-euro-gefordert\/"]}]},{"@type":"ImageObject","inLanguage":"en-GB","@id":"https:\/\/smart-pro.org\/en\/blog\/2020\/01\/16\/projekt-zur-kunstlichen-intelligenz-wird-mit-280-000-euro-gefordert\/#primaryimage","url":"https:\/\/smart-pro.org\/en\/wp-content\/uploads\/sites\/2\/2020\/01\/image_678_200115_F_rderung_f_r_KI-Projekt_shutterstock.jpg","contentUrl":"https:\/\/smart-pro.org\/en\/wp-content\/uploads\/sites\/2\/2020\/01\/image_678_200115_F_rderung_f_r_KI-Projekt_shutterstock.jpg","width":678,"height":295,"caption":"Startschuss f\u00fcr \u201eSimKI\u201c an der Hochschule Aalen ist gefallen"},{"@type":"BreadcrumbList","@id":"https:\/\/smart-pro.org\/en\/blog\/2020\/01\/16\/projekt-zur-kunstlichen-intelligenz-wird-mit-280-000-euro-gefordert\/#breadcrumb","itemListElement":[{"@type":"ListItem","position":1,"name":"Home","item":"https:\/\/smart-pro.org\/en\/"},{"@type":"ListItem","position":2,"name":"Projekt zur K\u00fcnstlichen Intelligenz wird gef\u00f6rdert"}]},{"@type":"WebSite","@id":"https:\/\/smart-pro.org\/en\/#website","url":"https:\/\/smart-pro.org\/en\/","name":"SmartPro \u2013 Key to Smart Products","description":"Klimaschutz durch Energie- und Ressourceneffizienz","potentialAction":[{"@type":"SearchAction","target":{"@type":"EntryPoint","urlTemplate":"https:\/\/smart-pro.org\/en\/?s={search_term_string}"},"query-input":{"@type":"PropertyValueSpecification","valueRequired":true,"valueName":"search_term_string"}}],"inLanguage":"en-GB"},{"@type":"Person","@id":"https:\/\/smart-pro.org\/en\/#\/schema\/person\/f88d179124646b04919b9900a0f9c690","name":"Anna Frank","image":{"@type":"ImageObject","inLanguage":"en-GB","@id":"https:\/\/smart-pro.org\/en\/#\/schema\/person\/image\/","url":"https:\/\/secure.gravatar.com\/avatar\/fe0c392fdee23b592c0289014e9ea023?s=96&d=mm&r=g","contentUrl":"https:\/\/secure.gravatar.com\/avatar\/fe0c392fdee23b592c0289014e9ea023?s=96&d=mm&r=g","caption":"Anna Frank"},"url":"https:\/\/smart-pro.org\/en\/blog\/author\/anna_frank\/"}]}},"_links":{"self":[{"href":"https:\/\/smart-pro.org\/en\/wp-json\/wp\/v2\/posts\/3723","targetHints":{"allow":["GET"]}}],"collection":[{"href":"https:\/\/smart-pro.org\/en\/wp-json\/wp\/v2\/posts"}],"about":[{"href":"https:\/\/smart-pro.org\/en\/wp-json\/wp\/v2\/types\/post"}],"author":[{"embeddable":true,"href":"https:\/\/smart-pro.org\/en\/wp-json\/wp\/v2\/users\/5"}],"replies":[{"embeddable":true,"href":"https:\/\/smart-pro.org\/en\/wp-json\/wp\/v2\/comments?post=3723"}],"version-history":[{"count":12,"href":"https:\/\/smart-pro.org\/en\/wp-json\/wp\/v2\/posts\/3723\/revisions"}],"predecessor-version":[{"id":8554,"href":"https:\/\/smart-pro.org\/en\/wp-json\/wp\/v2\/posts\/3723\/revisions\/8554"}],"wp:featuredmedia":[{"embeddable":true,"href":"https:\/\/smart-pro.org\/en\/wp-json\/wp\/v2\/media\/3725"}],"wp:attachment":[{"href":"https:\/\/smart-pro.org\/en\/wp-json\/wp\/v2\/media?parent=3723"}],"wp:term":[{"taxonomy":"category","embeddable":true,"href":"https:\/\/smart-pro.org\/en\/wp-json\/wp\/v2\/categories?post=3723"},{"taxonomy":"post_tag","embeddable":true,"href":"https:\/\/smart-pro.org\/en\/wp-json\/wp\/v2\/tags?post=3723"}],"curies":[{"name":"wp","href":"https:\/\/api.w.org\/{rel}","templated":true}]}}