{"id":4816,"date":"2021-07-01T17:31:36","date_gmt":"2021-07-01T15:31:36","guid":{"rendered":"https:\/\/smart-pro.org\/en\/2021\/03\/22\/t-regio-vortragsreihe-transfer-innovation-copy\/"},"modified":"2022-01-03T14:47:11","modified_gmt":"2022-01-03T13:47:11","slug":"lamda-erster-laser-and-materials-day-aalen","status":"publish","type":"post","link":"https:\/\/smart-pro.org\/en\/blog\/2021\/07\/01\/lamda-erster-laser-and-materials-day-aalen\/","title":{"rendered":"1. Laser and Materials Day Aalen (LAMDA)"},"content":{"rendered":"<p>[et_pb_section fb_built=&#8221;1&#8243; _builder_version=&#8221;3.22&#8243; global_colors_info=&#8221;{}&#8221;][et_pb_row _builder_version=&#8221;3.25&#8243; background_size=&#8221;initial&#8221; background_position=&#8221;top_left&#8221; background_repeat=&#8221;repeat&#8221; min_height=&#8221;982px&#8221; custom_margin=&#8221;|auto|-569px|auto||&#8221; custom_padding=&#8221;0px||0px|||&#8221; global_colors_info=&#8221;{}&#8221;][et_pb_column type=&#8221;4_4&#8243; _builder_version=&#8221;3.25&#8243; custom_padding=&#8221;|||&#8221; global_colors_info=&#8221;{}&#8221; custom_padding__hover=&#8221;|||&#8221;][et_pb_text _builder_version=&#8221;4.8.2&#8243; background_size=&#8221;initial&#8221; background_position=&#8221;top_left&#8221; background_repeat=&#8221;repeat&#8221; custom_margin=&#8221;||31px|||&#8221; global_colors_info=&#8221;{}&#8221;]<\/p>\n<p>\u00a0Welche faszinierenden und innovativen Perspektiven die Lasertechnologie\u00a0bietet, darum dreht sich alles am \u201e<strong>1. Laser and Materials Day Aalen\u00a0(LAMDA)<\/strong>\u201c an der Hochschule Aalen, der am <strong>1. Juli 2021<\/strong> stattfindet.<\/p>\n<p>Organisiert wird die Veranstaltung\u00a0vom Institut f\u00fcr Materialforschung (IMFAA) und dem LaserApplikationsZentrum (LAZ)\u00a0gemeinsam mit dem Kooperationsnetzwerk SmartPro.<\/p>\n<p>Eine Registrierung f\u00fcr die\u00a0Tagung, die ganz unter dem Zeichen von \u201e<em>Smarte Materialien und Laserprozesstechnologien\u00a0f\u00fcr morgen \u2026 heute<\/em>\u201c steht, ist ab sofort m\u00f6glich.\u00a0<\/p>\n<p>Der LAMDA wird als <strong>als Online-Veranstaltung \u00fcber ZOOM\u00a0<\/strong> durchgef\u00fchrt.\u00a0<span>Im Falle der M\u00f6glichkeit einer Pr\u00e4senz-Teilnahme, finden Sie weitere Informationen <a href=\"https:\/\/www.hs-aalen.de\/de\/pages\/institut-fur-materialforschung-imfaa_lamda:-1-laser-and-materials-day-aalen\">hier<\/a>.<\/span><\/p>\n<p>Die Teilnahme an der Online-Veranstaltung kostet\u00a0<strong>80 Euro<\/strong> &#8211; f\u00fcr Studierende ist die Veranstaltung kostenfrei. Sollte Pr\u00e4senz-Teilnahme m\u00f6glich sein, betr\u00e4gt die Geb\u00fchr voraussichtlich 120 \u20ac.<\/p>\n<p>Eine verbindliche Anmeldung zur Tagung ist\u00a0<a href=\"https:\/\/www.hs-aalen.de\/de\/pages\/institut-fur-materialforschung-imfaa_lamda:-1-laser-and-materials-day-aalen\">hier<\/a>\u00a0m\u00f6glich.<\/p>\n<p>[\/et_pb_text][\/et_pb_column][\/et_pb_row][et_pb_row column_structure=&#8221;1_3,1_3,1_3&#8243; _builder_version=&#8221;4.8.2&#8243; _module_preset=&#8221;default&#8221; min_height=&#8221;185.3px&#8221; global_colors_info=&#8221;{}&#8221;][et_pb_column type=&#8221;1_3&#8243; _builder_version=&#8221;4.8.2&#8243; _module_preset=&#8221;default&#8221; global_colors_info=&#8221;{}&#8221;][et_pb_button button_url=&#8221;@ET-DC@eyJkeW5hbWljIjp0cnVlLCJjb250ZW50IjoicG9zdF9saW5rX3VybF9hdHRhY2htZW50Iiwic2V0dGluZ3MiOnsicG9zdF9pZCI6IjQ5NzUifX0=@&#8221; url_new_window=&#8221;on&#8221; button_text=&#8221;DOWNLOAD LAMDA Flyer&#8221; button_alignment=&#8221;center&#8221; _builder_version=&#8221;4.13.0&#8243; _dynamic_attributes=&#8221;button_url&#8221; custom_button=&#8221;on&#8221; button_text_size=&#8221;17px&#8221; button_text_color=&#8221;#ffffff&#8221; button_bg_color=&#8221;#254b94&#8243; button_border_width=&#8221;10px&#8221; button_border_color=&#8221;#254b94&#8243; button_border_radius=&#8221;0px&#8221; button_letter_spacing=&#8221;2px&#8221; button_font=&#8221;Open Sans Condensed|700||on|||||&#8221; button_icon=&#8221;&#xe092;||divi||400&#8243; background_layout=&#8221;dark&#8221; custom_css_main_element=&#8221;min-width: 100%&#8221; box_shadow_style=&#8221;preset3&#8243; button_letter_spacing_hover=&#8221;2px&#8221; global_colors_info=&#8221;{}&#8221; button_text_size__hover_enabled=&#8221;off&#8221; button_one_text_size__hover_enabled=&#8221;off&#8221; button_two_text_size__hover_enabled=&#8221;off&#8221; button_text_color__hover_enabled=&#8221;off&#8221; button_one_text_color__hover_enabled=&#8221;off&#8221; button_two_text_color__hover_enabled=&#8221;off&#8221; button_border_width__hover_enabled=&#8221;off&#8221; button_one_border_width__hover_enabled=&#8221;off&#8221; button_two_border_width__hover_enabled=&#8221;off&#8221; button_border_color__hover_enabled=&#8221;off&#8221; button_one_border_color__hover_enabled=&#8221;off&#8221; button_two_border_color__hover_enabled=&#8221;off&#8221; button_border_radius__hover_enabled=&#8221;off&#8221; button_one_border_radius__hover_enabled=&#8221;off&#8221; button_two_border_radius__hover_enabled=&#8221;off&#8221; button_letter_spacing__hover_enabled=&#8221;on&#8221; button_letter_spacing__hover=&#8221;2px&#8221; button_one_letter_spacing__hover_enabled=&#8221;off&#8221; button_two_letter_spacing__hover_enabled=&#8221;off&#8221; button_bg_color__hover_enabled=&#8221;off&#8221; button_one_bg_color__hover_enabled=&#8221;off&#8221; button_two_bg_color__hover_enabled=&#8221;off&#8221;][\/et_pb_button][\/et_pb_column][et_pb_column type=&#8221;1_3&#8243; _builder_version=&#8221;4.8.2&#8243; _module_preset=&#8221;default&#8221; global_colors_info=&#8221;{}&#8221;][\/et_pb_column][et_pb_column type=&#8221;1_3&#8243; _builder_version=&#8221;4.8.2&#8243; _module_preset=&#8221;default&#8221; global_colors_info=&#8221;{}&#8221;][et_pb_countdown_timer title=&#8221;NOCH&#8221; date_time=&#8221;2021-07-01 18:04&#8243; _builder_version=&#8221;4.8.2&#8243; _module_preset=&#8221;default&#8221; header_font=&#8221;|800|||||||&#8221; background_color=&#8221;#254B94&#8243; global_colors_info=&#8221;{}&#8221;][\/et_pb_countdown_timer][\/et_pb_column][\/et_pb_row][et_pb_row _builder_version=&#8221;4.8.2&#8243; _module_preset=&#8221;default&#8221; min_height=&#8221;601.3px&#8221; custom_margin=&#8221;|auto|0px|auto||&#8221; custom_padding=&#8221;109px||0px|||&#8221; global_colors_info=&#8221;{}&#8221;][et_pb_column type=&#8221;4_4&#8243; _builder_version=&#8221;4.8.2&#8243; _module_preset=&#8221;default&#8221; global_colors_info=&#8221;{}&#8221;][et_pb_text _builder_version=&#8221;4.8.2&#8243; _module_preset=&#8221;default&#8221; min_height=&#8221;656px&#8221; custom_margin=&#8221;-103px|||||&#8221; global_colors_info=&#8221;{}&#8221;]<\/p>\n<h2 class=\"et_pb_text_inner\"><span><b>Kontakt<\/b><\/span><\/h2>\n<div class=\"et_pb_text_inner\">\n<p><strong>Christiane G\u00f6rtz |\u00a0<\/strong><span>Institut f\u00fcr Materialforschung Aalen (IMFAA)<\/span><\/p>\n<p>Beethovenstra\u00dfe 1<br \/>73430 Aalen<br \/>Telefon: 07361 576-1604<br \/>E-Mail: christiane.goertz@hs-aalen.de<\/p>\n<p>&nbsp;<\/p>\n<p><strong>Prof. Dr. Harald Riegel |\u00a0<\/strong><span>LaserApplikationsZentrum (LAZ)<\/span><\/p>\n<p>Beethovenstra\u00dfe 1<br \/>73430 Aalen<br \/>Telefon: 07361 576-1006<br \/>E-Mail: harald.riegel@hs-aalen.de<\/p>\n<p>&nbsp;<\/p>\n<p><strong>Dr. Timo Bernthaler |\u00a0<\/strong><span>Institut f\u00fcr Materialforschung Aalen (IMFAA)<\/span><\/p>\n<p>Beethovenstra\u00dfe 1<br \/>73430 Aalen<br \/>Telefon: 07361 576-1600<br \/>E-Mail: timo.bernthaler@hs-aalen.de<\/p>\n<\/div>\n<p>[\/et_pb_text][et_pb_text _builder_version=&#8221;4.8.2&#8243; _module_preset=&#8221;default&#8221; global_colors_info=&#8221;{}&#8221;]<\/p>\n<p><strong>Fotohinweis:<\/strong> \u00a9 Hochschule Aalen | Sven D\u00f6ring<\/p>\n<p>[\/et_pb_text][\/et_pb_column][\/et_pb_row][\/et_pb_section]<\/p>\n","protected":false},"excerpt":{"rendered":"<p>Das Institut f\u00fcr Materialforschung und das LaserApplikationsZentrum laden gemeinsam mit dem Kooperationsnetzwerk SmartPro zum \u201e1. Laser and Materials Day Aalen (LAMDA)\u201c an der Hochschule Aalen ein. Der Donnerstag, 1. Juli, wird ganz unter dem Zeichen von \u201eSmarte Materialien und Laserprozesstechnologien f\u00fcr morgen \u2026 heute\u201c stehen.<\/p>\n","protected":false},"author":5,"featured_media":8234,"comment_status":"closed","ping_status":"open","sticky":false,"template":"","format":"standard","meta":{"_acf_changed":false,"_et_pb_use_builder":"on","_et_pb_old_content":"<h2>Subline<\/h2>\r\nSmartPro pr\u00e4sentierte 2018 Forschungsaktivit\u00e4ten und anwendungsorientierte L\u00f6sungsans\u00e4tze auf diversen Messen:\r\n<ul>\r\n \t<li>Hannover Messe 2018 23.\u201327.04.2018<\/li>\r\n \t<li>Make Ostw\u00fcrttemberg 22.\u201323.09.2018<\/li>\r\n \t<li>Experience Additive Manufacturing 25.\u201327.09.2018<\/li>\r\n<\/ul>\r\nProf. Volker Knoblauch aus dem SmartPro-Team erl\u00e4utert: <em><strong>\u201eDie zahlreichen R\u00fcckkopplungen, die wir im Rahmen von Messen hatten, best\u00e4tigen uns erneut: Mit dem Themenspektrum, das wir in SmartPro aufgreifen, treffen wir den Zahn der Zeit. Dies zeigt sich auch in den zahlreichen spezifischen Anfragen von Unternehmen diverser Branchen sowie von Forschungseinrichtungen, aus denen sich zuk\u00fcnftig neue Kooperationen entwickeln k\u00f6nnen.\u201c<\/strong><\/em>\r\n\r\n[gallery columns=\"4\" link=\"file\" ids=\"1122,1127,1129,1131\"]\r\n\r\nBildnachweise\/Quellen:","_et_gb_content_width":"","iawp_total_views":0,"footnotes":""},"categories":[21],"tags":[47,82,70,58,206,186,61,22,141,37],"class_list":["post-4816","post","type-post","status-publish","format-standard","has-post-thumbnail","hentry","category-events-dates","tag-imfaa","tag-institut-fuer-materialforschung","tag-laser","tag-laserapplikationszentrum","tag-laserprozesstechnik","tag-lasertechnologie","tag-laz","tag-smartpro","tag-tagung","tag-veranstaltung"],"acf":[],"yoast_head":"<!-- This site is optimized with the Yoast SEO plugin v25.8 - https:\/\/yoast.com\/wordpress\/plugins\/seo\/ -->\n<title>1. Laser and Materials Day Aalen (LAMDA) - SmartPro \u2013 Key to Smart Products<\/title>\n<meta name=\"robots\" content=\"index, follow, max-snippet:-1, max-image-preview:large, max-video-preview:-1\" \/>\n<link rel=\"canonical\" href=\"https:\/\/smart-pro.org\/en\/blog\/2021\/07\/01\/lamda-erster-laser-and-materials-day-aalen\/\" \/>\n<meta property=\"og:locale\" content=\"en_GB\" \/>\n<meta property=\"og:type\" content=\"article\" \/>\n<meta property=\"og:title\" content=\"1. Laser and Materials Day Aalen (LAMDA) - SmartPro \u2013 Key to Smart Products\" \/>\n<meta property=\"og:description\" content=\"Das Institut f\u00fcr Materialforschung und das LaserApplikationsZentrum laden gemeinsam mit dem Kooperationsnetzwerk SmartPro zum \u201e1. Laser and Materials Day Aalen (LAMDA)\u201c an der Hochschule Aalen ein. Der Donnerstag, 1. Juli, wird ganz unter dem Zeichen von \u201eSmarte Materialien und Laserprozesstechnologien f\u00fcr morgen \u2026 heute\u201c stehen.\" \/>\n<meta property=\"og:url\" content=\"https:\/\/smart-pro.org\/en\/blog\/2021\/07\/01\/lamda-erster-laser-and-materials-day-aalen\/\" \/>\n<meta property=\"og:site_name\" content=\"SmartPro \u2013 Key to Smart Products\" \/>\n<meta property=\"article:published_time\" content=\"2021-07-01T15:31:36+00:00\" \/>\n<meta property=\"article:modified_time\" content=\"2022-01-03T13:47:11+00:00\" \/>\n<meta property=\"og:image\" content=\"https:\/\/smart-pro.org\/en\/wp-content\/uploads\/sites\/2\/2021\/03\/LAMDA_Einladungs-Flyer_Beitragsbild.jpg\" \/>\n\t<meta property=\"og:image:width\" content=\"960\" \/>\n\t<meta property=\"og:image:height\" content=\"1440\" \/>\n\t<meta property=\"og:image:type\" content=\"image\/jpeg\" \/>\n<meta name=\"author\" content=\"Anna Frank\" \/>\n<meta name=\"twitter:card\" content=\"summary_large_image\" \/>\n<meta name=\"twitter:label1\" content=\"Written by\" \/>\n\t<meta name=\"twitter:data1\" content=\"Anna Frank\" \/>\n\t<meta name=\"twitter:label2\" content=\"Estimated reading time\" \/>\n\t<meta name=\"twitter:data2\" content=\"3 minutes\" \/>\n<script type=\"application\/ld+json\" class=\"yoast-schema-graph\">{\"@context\":\"https:\/\/schema.org\",\"@graph\":[{\"@type\":\"WebPage\",\"@id\":\"https:\/\/smart-pro.org\/en\/blog\/2021\/07\/01\/lamda-erster-laser-and-materials-day-aalen\/\",\"url\":\"https:\/\/smart-pro.org\/en\/blog\/2021\/07\/01\/lamda-erster-laser-and-materials-day-aalen\/\",\"name\":\"1. Laser and Materials Day Aalen (LAMDA) - SmartPro \u2013 Key to Smart Products\",\"isPartOf\":{\"@id\":\"https:\/\/smart-pro.org\/en\/#website\"},\"primaryImageOfPage\":{\"@id\":\"https:\/\/smart-pro.org\/en\/blog\/2021\/07\/01\/lamda-erster-laser-and-materials-day-aalen\/#primaryimage\"},\"image\":{\"@id\":\"https:\/\/smart-pro.org\/en\/blog\/2021\/07\/01\/lamda-erster-laser-and-materials-day-aalen\/#primaryimage\"},\"thumbnailUrl\":\"https:\/\/smart-pro.org\/en\/wp-content\/uploads\/sites\/2\/2021\/03\/LAMDA_Einladungs-Flyer_Beitragsbild.jpg\",\"datePublished\":\"2021-07-01T15:31:36+00:00\",\"dateModified\":\"2022-01-03T13:47:11+00:00\",\"author\":{\"@id\":\"https:\/\/smart-pro.org\/en\/#\/schema\/person\/f88d179124646b04919b9900a0f9c690\"},\"breadcrumb\":{\"@id\":\"https:\/\/smart-pro.org\/en\/blog\/2021\/07\/01\/lamda-erster-laser-and-materials-day-aalen\/#breadcrumb\"},\"inLanguage\":\"en-GB\",\"potentialAction\":[{\"@type\":\"ReadAction\",\"target\":[\"https:\/\/smart-pro.org\/en\/blog\/2021\/07\/01\/lamda-erster-laser-and-materials-day-aalen\/\"]}]},{\"@type\":\"ImageObject\",\"inLanguage\":\"en-GB\",\"@id\":\"https:\/\/smart-pro.org\/en\/blog\/2021\/07\/01\/lamda-erster-laser-and-materials-day-aalen\/#primaryimage\",\"url\":\"https:\/\/smart-pro.org\/en\/wp-content\/uploads\/sites\/2\/2021\/03\/LAMDA_Einladungs-Flyer_Beitragsbild.jpg\",\"contentUrl\":\"https:\/\/smart-pro.org\/en\/wp-content\/uploads\/sites\/2\/2021\/03\/LAMDA_Einladungs-Flyer_Beitragsbild.jpg\",\"width\":960,\"height\":1440},{\"@type\":\"BreadcrumbList\",\"@id\":\"https:\/\/smart-pro.org\/en\/blog\/2021\/07\/01\/lamda-erster-laser-and-materials-day-aalen\/#breadcrumb\",\"itemListElement\":[{\"@type\":\"ListItem\",\"position\":1,\"name\":\"Home\",\"item\":\"https:\/\/smart-pro.org\/en\/\"},{\"@type\":\"ListItem\",\"position\":2,\"name\":\"1. Laser and Materials Day Aalen (LAMDA)\"}]},{\"@type\":\"WebSite\",\"@id\":\"https:\/\/smart-pro.org\/en\/#website\",\"url\":\"https:\/\/smart-pro.org\/en\/\",\"name\":\"SmartPro \u2013 Key to Smart Products\",\"description\":\"Klimaschutz durch Energie- und Ressourceneffizienz\",\"potentialAction\":[{\"@type\":\"SearchAction\",\"target\":{\"@type\":\"EntryPoint\",\"urlTemplate\":\"https:\/\/smart-pro.org\/en\/?s={search_term_string}\"},\"query-input\":{\"@type\":\"PropertyValueSpecification\",\"valueRequired\":true,\"valueName\":\"search_term_string\"}}],\"inLanguage\":\"en-GB\"},{\"@type\":\"Person\",\"@id\":\"https:\/\/smart-pro.org\/en\/#\/schema\/person\/f88d179124646b04919b9900a0f9c690\",\"name\":\"Anna Frank\",\"image\":{\"@type\":\"ImageObject\",\"inLanguage\":\"en-GB\",\"@id\":\"https:\/\/smart-pro.org\/en\/#\/schema\/person\/image\/\",\"url\":\"https:\/\/secure.gravatar.com\/avatar\/fe0c392fdee23b592c0289014e9ea023?s=96&d=mm&r=g\",\"contentUrl\":\"https:\/\/secure.gravatar.com\/avatar\/fe0c392fdee23b592c0289014e9ea023?s=96&d=mm&r=g\",\"caption\":\"Anna Frank\"},\"url\":\"https:\/\/smart-pro.org\/en\/blog\/author\/anna_frank\/\"}]}<\/script>\n<!-- \/ Yoast SEO plugin. -->","yoast_head_json":{"title":"1. Laser and Materials Day Aalen (LAMDA) - SmartPro \u2013 Key to Smart Products","robots":{"index":"index","follow":"follow","max-snippet":"max-snippet:-1","max-image-preview":"max-image-preview:large","max-video-preview":"max-video-preview:-1"},"canonical":"https:\/\/smart-pro.org\/en\/blog\/2021\/07\/01\/lamda-erster-laser-and-materials-day-aalen\/","og_locale":"en_GB","og_type":"article","og_title":"1. Laser and Materials Day Aalen (LAMDA) - SmartPro \u2013 Key to Smart Products","og_description":"Das Institut f\u00fcr Materialforschung und das LaserApplikationsZentrum laden gemeinsam mit dem Kooperationsnetzwerk SmartPro zum \u201e1. Laser and Materials Day Aalen (LAMDA)\u201c an der Hochschule Aalen ein. Der Donnerstag, 1. Juli, wird ganz unter dem Zeichen von \u201eSmarte Materialien und Laserprozesstechnologien f\u00fcr morgen \u2026 heute\u201c stehen.","og_url":"https:\/\/smart-pro.org\/en\/blog\/2021\/07\/01\/lamda-erster-laser-and-materials-day-aalen\/","og_site_name":"SmartPro \u2013 Key to Smart Products","article_published_time":"2021-07-01T15:31:36+00:00","article_modified_time":"2022-01-03T13:47:11+00:00","og_image":[{"width":960,"height":1440,"url":"https:\/\/smart-pro.org\/en\/wp-content\/uploads\/sites\/2\/2021\/03\/LAMDA_Einladungs-Flyer_Beitragsbild.jpg","type":"image\/jpeg"}],"author":"Anna Frank","twitter_card":"summary_large_image","twitter_misc":{"Written by":"Anna Frank","Estimated reading time":"3 minutes"},"schema":{"@context":"https:\/\/schema.org","@graph":[{"@type":"WebPage","@id":"https:\/\/smart-pro.org\/en\/blog\/2021\/07\/01\/lamda-erster-laser-and-materials-day-aalen\/","url":"https:\/\/smart-pro.org\/en\/blog\/2021\/07\/01\/lamda-erster-laser-and-materials-day-aalen\/","name":"1. Laser and Materials Day Aalen (LAMDA) - SmartPro \u2013 Key to Smart Products","isPartOf":{"@id":"https:\/\/smart-pro.org\/en\/#website"},"primaryImageOfPage":{"@id":"https:\/\/smart-pro.org\/en\/blog\/2021\/07\/01\/lamda-erster-laser-and-materials-day-aalen\/#primaryimage"},"image":{"@id":"https:\/\/smart-pro.org\/en\/blog\/2021\/07\/01\/lamda-erster-laser-and-materials-day-aalen\/#primaryimage"},"thumbnailUrl":"https:\/\/smart-pro.org\/en\/wp-content\/uploads\/sites\/2\/2021\/03\/LAMDA_Einladungs-Flyer_Beitragsbild.jpg","datePublished":"2021-07-01T15:31:36+00:00","dateModified":"2022-01-03T13:47:11+00:00","author":{"@id":"https:\/\/smart-pro.org\/en\/#\/schema\/person\/f88d179124646b04919b9900a0f9c690"},"breadcrumb":{"@id":"https:\/\/smart-pro.org\/en\/blog\/2021\/07\/01\/lamda-erster-laser-and-materials-day-aalen\/#breadcrumb"},"inLanguage":"en-GB","potentialAction":[{"@type":"ReadAction","target":["https:\/\/smart-pro.org\/en\/blog\/2021\/07\/01\/lamda-erster-laser-and-materials-day-aalen\/"]}]},{"@type":"ImageObject","inLanguage":"en-GB","@id":"https:\/\/smart-pro.org\/en\/blog\/2021\/07\/01\/lamda-erster-laser-and-materials-day-aalen\/#primaryimage","url":"https:\/\/smart-pro.org\/en\/wp-content\/uploads\/sites\/2\/2021\/03\/LAMDA_Einladungs-Flyer_Beitragsbild.jpg","contentUrl":"https:\/\/smart-pro.org\/en\/wp-content\/uploads\/sites\/2\/2021\/03\/LAMDA_Einladungs-Flyer_Beitragsbild.jpg","width":960,"height":1440},{"@type":"BreadcrumbList","@id":"https:\/\/smart-pro.org\/en\/blog\/2021\/07\/01\/lamda-erster-laser-and-materials-day-aalen\/#breadcrumb","itemListElement":[{"@type":"ListItem","position":1,"name":"Home","item":"https:\/\/smart-pro.org\/en\/"},{"@type":"ListItem","position":2,"name":"1. Laser and Materials Day Aalen (LAMDA)"}]},{"@type":"WebSite","@id":"https:\/\/smart-pro.org\/en\/#website","url":"https:\/\/smart-pro.org\/en\/","name":"SmartPro \u2013 Key to Smart Products","description":"Klimaschutz durch Energie- und Ressourceneffizienz","potentialAction":[{"@type":"SearchAction","target":{"@type":"EntryPoint","urlTemplate":"https:\/\/smart-pro.org\/en\/?s={search_term_string}"},"query-input":{"@type":"PropertyValueSpecification","valueRequired":true,"valueName":"search_term_string"}}],"inLanguage":"en-GB"},{"@type":"Person","@id":"https:\/\/smart-pro.org\/en\/#\/schema\/person\/f88d179124646b04919b9900a0f9c690","name":"Anna Frank","image":{"@type":"ImageObject","inLanguage":"en-GB","@id":"https:\/\/smart-pro.org\/en\/#\/schema\/person\/image\/","url":"https:\/\/secure.gravatar.com\/avatar\/fe0c392fdee23b592c0289014e9ea023?s=96&d=mm&r=g","contentUrl":"https:\/\/secure.gravatar.com\/avatar\/fe0c392fdee23b592c0289014e9ea023?s=96&d=mm&r=g","caption":"Anna Frank"},"url":"https:\/\/smart-pro.org\/en\/blog\/author\/anna_frank\/"}]}},"_links":{"self":[{"href":"https:\/\/smart-pro.org\/en\/wp-json\/wp\/v2\/posts\/4816","targetHints":{"allow":["GET"]}}],"collection":[{"href":"https:\/\/smart-pro.org\/en\/wp-json\/wp\/v2\/posts"}],"about":[{"href":"https:\/\/smart-pro.org\/en\/wp-json\/wp\/v2\/types\/post"}],"author":[{"embeddable":true,"href":"https:\/\/smart-pro.org\/en\/wp-json\/wp\/v2\/users\/5"}],"replies":[{"embeddable":true,"href":"https:\/\/smart-pro.org\/en\/wp-json\/wp\/v2\/comments?post=4816"}],"version-history":[{"count":27,"href":"https:\/\/smart-pro.org\/en\/wp-json\/wp\/v2\/posts\/4816\/revisions"}],"predecessor-version":[{"id":8238,"href":"https:\/\/smart-pro.org\/en\/wp-json\/wp\/v2\/posts\/4816\/revisions\/8238"}],"wp:featuredmedia":[{"embeddable":true,"href":"https:\/\/smart-pro.org\/en\/wp-json\/wp\/v2\/media\/8234"}],"wp:attachment":[{"href":"https:\/\/smart-pro.org\/en\/wp-json\/wp\/v2\/media?parent=4816"}],"wp:term":[{"taxonomy":"category","embeddable":true,"href":"https:\/\/smart-pro.org\/en\/wp-json\/wp\/v2\/categories?post=4816"},{"taxonomy":"post_tag","embeddable":true,"href":"https:\/\/smart-pro.org\/en\/wp-json\/wp\/v2\/tags?post=4816"}],"curies":[{"name":"wp","href":"https:\/\/api.w.org\/{rel}","templated":true}]}}