{"id":8740,"date":"2021-12-16T19:35:41","date_gmt":"2021-12-16T18:35:41","guid":{"rendered":"https:\/\/smart-pro.org\/en\/2022\/01\/07\/additives-fertigungssystem-ermoeglicht-nanostrukturen-copy\/"},"modified":"2022-01-07T11:18:06","modified_gmt":"2022-01-07T10:18:06","slug":"stratege-und-macher-im-dienst-der-hochschule","status":"publish","type":"post","link":"https:\/\/smart-pro.org\/en\/blog\/2021\/12\/16\/stratege-und-macher-im-dienst-der-hochschule\/","title":{"rendered":"Stratege und Macher im Dienst der Hochschule Aalen und der Region"},"content":{"rendered":"<p>[et_pb_section fb_built=&#8221;1&#8243; _builder_version=&#8221;4.14.4&#8243; global_colors_info=&#8221;{}&#8221;][et_pb_row _builder_version=&#8221;4.14.4&#8243; background_size=&#8221;initial&#8221; background_position=&#8221;top_left&#8221; background_repeat=&#8221;repeat&#8221; custom_margin=&#8221;0px|0px|0px|0px|false|false&#8221; custom_padding=&#8221;0px|0px|0px|0px|false|false&#8221; global_colors_info=&#8221;{}&#8221;][et_pb_column type=&#8221;4_4&#8243; _builder_version=&#8221;3.25&#8243; custom_padding=&#8221;|||&#8221; global_colors_info=&#8221;{}&#8221; custom_padding__hover=&#8221;|||&#8221;][et_pb_text _builder_version=&#8221;4.14.4&#8243; background_size=&#8221;initial&#8221; background_position=&#8221;top_left&#8221; background_repeat=&#8221;repeat&#8221; global_colors_info=&#8221;{}&#8221;]<\/p>\n<p>Herausragender Forscher, zupackender Macher und weitsichtiger Stratege: Nach 14 Jahren Amtszeit verabschiedet sich <a href=\"https:\/\/smart-pro.org\/en\/netzwerk\/forschende\/#gerhard-schneider\">Prof. Dr. Gerhard Schneider<\/a> als Rektor der Hochschule Aalen. Unter seiner F\u00fchrung entwickelte sie sich zu einer der forschungsst\u00e4rksten Hochschulen f\u00fcr Angewandte Wissenschaften in Deutschland. Wegweisende Meilensteine wie das <a href=\"https:\/\/innovationszentrum-aalen.de\/\" target=\"_blank\" rel=\"noopener\">Innovationszentrum INNO-Z<\/a>, das <a href=\"https:\/\/explorhino.de\/\" target=\"_blank\" rel=\"noopener\">explorhino<\/a>, die neuen Forschungsgeb\u00e4ude <a href=\"https:\/\/www.hs-aalen.de\/de\/pages\/forschungsinfrastruktur\" target=\"_blank\" rel=\"noopener\">ZiMATE und ZTN<\/a> sowie der derzeit entstehende Waldcampus sind ganz wesentlich seinem herausragenden Engagement zu verdanken.<\/p>\n<h4>Innovationsimpulse f\u00fcr die Region<\/h4>\n<p>Seit 2008 stand Prof. Dr. Gerhard Schneider als Rektor an der Spitze der Hochschule Aalen und hat in dieser Funktion ma\u00dfgeblich die dynamische Weiterentwicklung der Hochschule gepr\u00e4gt. \u201eEs ist mir immer wichtig gewesen, dass wir mit der Hochschule Aalen unseren Beitrag zur Zukunftssicherung der Region leisten und Innovationsimpulse geben\u201c, betont Schneider. F\u00fcr den scheidenden Rektor ist die Hochschule ein zentraler Ort des Austauschs zwischen Wissenschaft, Wirtschaft und Gesellschaft, die Grenz\u00fcberschreitungen im positiven Sinne f\u00f6rdert: zwischen den einzelnen Wissenschaftsdisziplinen, zwischen Forschung und praktischer Anwendung, zwischen klassischen und neuen Industriebranchen und Technologien. \u201eDer Gestaltungsspielraum als Rektor ist enorm, das war wirklich mein Traumjob\u201c, sagt Schneider.<\/p>\n<h4>Bundesweit eine der forschungsst\u00e4rksten Hochschulen<\/h4>\n<p>Enorm ist auch, was Schneider in dieser Funktion in den vergangenen 14 Jahren alles erreicht hat: Unter ihm wurde die Hochschule Aalen zu einer der forschungsst\u00e4rksten Hochschulen f\u00fcr Angewandte Wissenschaften bundesweit, die Studierendenzahl hat sich fast verdoppelt und mit dem Innovationszentrum INNO-Z sowie der hochschuleigenen <a href=\"https:\/\/www.hs-aalen.de\/de\/facilities\/153\" target=\"_blank\" rel=\"noopener\">Gr\u00fcndungsinitiative stAArt-UP!de<\/a> eine neue Gr\u00fcndungskultur etabliert. Auch bei Kindern und Jugendlichen die Begeisterung f\u00fcr Naturwissenschaften und Technik zu wecken und zu f\u00f6rdern, war ihm eine Herzenssache. Mit dem <a href=\"https:\/\/www.hs-aalen.de\/de\/facilities\/209\" target=\"_blank\" rel=\"noopener\">Sch\u00fclerlabor<\/a> und dem <a href=\"https:\/\/explorhino.de\/\" target=\"_blank\" rel=\"noopener\">explorhino Experimente-Museum,<\/a> das 2018 am Hochschulcampus er\u00f6ffnet wurde, hat dieses Thema weiter an Fahrt gewonnen. Lebenslanges Lernen war f\u00fcr ihn ein weiteres zentrales Anliegen: Die Gr\u00fcndung des <a href=\"https:\/\/www.graduatecampus.de\/\" target=\"_blank\" rel=\"noopener\">Graduate Campus Hochschule Aalen<\/a> mit seinen vielf\u00e4ltigen berufsbegleitenden Weiterbildungsm\u00f6glichkeiten geht ebenfalls auf Schneiders Initiative zur\u00fcck. Weitere Highlights seiner zwei Amtszeiten waren auch die Einwerbung der neuen Forschungsgeb\u00e4ude, der derzeit entstehende <a href=\"https:\/\/www.hs-aalen.de\/de\/news\/4079\" target=\"_blank\" rel=\"noopener\">Waldcampus<\/a> mit einem neuen Geb\u00e4ude f\u00fcr die Fakult\u00e4t der Wirtschaftswissenschaften, Mensa und Kita sowie das Mitwirken beim Abschluss des neuen Hochschulfinanzierungsvertrags bis 2025 f\u00fcr die baden-w\u00fcrttembergischen Hochschulen.<\/p>\n<h4>Beharrlichkeit und Tatendrang<\/h4>\n<p>Mit Beharrlichkeit und gro\u00dfem Tatendrang hat Schneider seine Ziele verfolgt und konnte dabei auf ein gutes Netzwerk mit Kontakten zur Wissenschaft, Politik, und Wirtschaft bauen. Der scheidende Rektor hielt stets die F\u00e4den zusammen, pflegte den Austausch mit der Praxis und engagierte sich f\u00fcr Ostw\u00fcrttemberg. Dass die Lebensadern dieser starken Wirtschaftsregion auch die akademischen Bildungs- und Forschungseinrichtungen sind und diese auch entsprechend zu st\u00e4rken, daf\u00fcr hat er sich unerm\u00fcdlich eingesetzt. F\u00fcr seine Zukunftsvisionen konnte er in seinen zwei Amtszeiten viele Mitstreitende in der Region und dar\u00fcber hinaus gewinnen, die sich gerne von seiner Begeisterungsf\u00e4higkeit anstecken lie\u00dfen. \u201eZwei Dinge sind wichtig: Ideen haben und hart an deren Verwirklichung arbeiten\u201c, sagt der 63-J\u00e4hrige mit einem Schmunzeln. Und nat\u00fcrlich der Austausch mit Studierenden, Lehrenden und Mitarbeitenden. \u201eWir haben hier eine echt starke Truppe, die sich alle zusammen f\u00fcr die Hochschule einsetzen und sich au\u00dfergew\u00f6hnlich engagieren. Ohne sie w\u00e4re diese Entwicklung gar nicht m\u00f6glich gewesen\u201c, betont Schneider und f\u00fcgt hinzu: \u201eDas ist nie eine Einzelleistung, sondern immer ein Gemeinschaftserfolg.\u201c<\/p>\n<p>[\/et_pb_text][et_pb_image src=&#8221;https:\/\/smart-pro.org\/en\/wp-content\/uploads\/sites\/2\/2022\/01\/Beitragsbild_Verabschiedung_Prof._Dr._Gerhard_Schneider_FotoJanWalford_red.jpg&#8221; title_text=&#8221;Beitragsbild_Verabschiedung_Prof._Dr._Gerhard_Schneider_FotoJanWalford_red&#8221; align=&#8221;center&#8221; _builder_version=&#8221;4.14.4&#8243; _module_preset=&#8221;default&#8221; width=&#8221;80%&#8221; max_width=&#8221;1080px&#8221; global_colors_info=&#8221;{}&#8221;][\/et_pb_image][et_pb_text _builder_version=&#8221;4.14.4&#8243; background_size=&#8221;initial&#8221; background_position=&#8221;top_left&#8221; background_repeat=&#8221;repeat&#8221; global_colors_info=&#8221;{}&#8221;]<\/p>\n<h4>Von Werkstoffen und Kunst<\/h4>\n<p>Schneider, der sich seit jeher auch stark f\u00fcr Musik, Literatur und Kunst interessiert, studierte Metallkunde an der Universit\u00e4t Stuttgart. \u201eWenn man Werkstoffe durch ein Rasterelektronenmikroskop analysiert, ist das auch Kunst\u201c, lacht er. Nach seiner Promotion am Max-Planck-Institut f\u00fcr Metallforschung und einer T\u00e4tigkeit als Gastprofessor an der Universit\u00e4t von S\u00e3o Paulo in Brasilien, arbeitete er in der Forschung und Vorausentwicklung bei Bosch.<\/p>\n<h4>Gr\u00fcnderspirit aus dem Silicon Valley<\/h4>\n<p>1996 wurde Schneider Professor f\u00fcr Werkstoffkunde an der Hochschule Aalen und bereits drei Jahre sp\u00e4ter zum Prorektor ernannt. 2001 wechselte er noch einmal in die Wirtschaft und arbeitete unter anderem als Executive Vice President des Bosch Research and Technology Center North America in Palo Alto, USA. \u201eIm Silicon Valley zu arbeiten, war eine Erfahrung, von der ich heute noch profitiere\u201c, sagt Schneider. Die dortige Start-up-Mentalit\u00e4t und den Gr\u00fcnderspirit brachte er mit nach Deutschland, um sp\u00e4ter die Hochschule Aalen als Gr\u00fcnderhochschule zu etablieren. Wieder in heimische Gefilde zur\u00fcckgelockt hatte ihn ein Anruf von Ulrich Pfeifle, dem ehemaligen Oberb\u00fcrgermeister von Aalen. Dieser informierte ihn dar\u00fcber, dass ein neuer Rektor f\u00fcr die Hochschule Aalen gesucht w\u00fcrde und er genau der richtige Mann daf\u00fcr sei. \u201eEine Entscheidung, die ich nie bereut habe\u201c, stellt Schneider r\u00fcckblickend fest.<\/p>\n<h4>Ein starkes Forscherherz<\/h4>\n<p>Nach intensiven und fordernden 14 Jahren als Rektor freut er sich jetzt aber darauf, mal wieder \u00f6fter zur Kamera oder zum Pinsel zu greifen und auch mehr Zeit f\u00fcr seine Familie zu haben. Aber ganz die F\u00fc\u00dfe hochlegen? Das kommt f\u00fcr Schneider dann doch nicht in Frage. Daf\u00fcr schl\u00e4gt sein Forscherherz viel zu stark \u2013 auch nach seinem Ausscheiden als Rektor wird er als Wissenschaftler weiterhin Impulse zur Weiterentwicklung der Forschung an der Hochschule Aalen geben. \u201eIch kann jetzt gar nicht mit dem Forschen aufh\u00f6ren. Ich habe noch so viele spannende Projekte laufen\u201c, sagt Schneider und lacht.<\/p>\n<p>[\/et_pb_text][et_pb_divider color=&#8221;#000000&#8243; divider_position=&#8221;center&#8221; divider_weight=&#8221;3px&#8221; _builder_version=&#8221;4.14.4&#8243; _module_preset=&#8221;default&#8221; width=&#8221;35%&#8221; module_alignment=&#8221;center&#8221; global_colors_info=&#8221;{}&#8221;][\/et_pb_divider][et_pb_text _builder_version=&#8221;4.14.4&#8243; _module_preset=&#8221;default&#8221; global_colors_info=&#8221;{}&#8221;]<\/p>\n<p><strong>Weitere Informationen:<\/strong><o:p><\/o:p><\/p>\n<p>Prof. Dr. Gerhard Schneider ist auch einer der aktivsten SmartPro&#8217;ler im Kooperationsnetzwerk und gleich an drei Impulsprojekten beteiligt &#8211; an <a href=\"https:\/\/smart-pro.org\/en\/forschung\/energiewandler\/#smartmag\">Smart-MAG<\/a>, <a href=\"https:\/\/smart-pro.org\/en\/forschung\/energiespeicher\/#smartbat\">Smart-BAT<\/a> und <a href=\"https:\/\/smart-pro.org\/en\/forschung\/additive-fertigung\/#smartadd\">Smart-ADD<\/a>.<\/p>\n<p>[\/et_pb_text][et_pb_divider color=&#8221;#000000&#8243; divider_position=&#8221;center&#8221; divider_weight=&#8221;3px&#8221; _builder_version=&#8221;4.14.4&#8243; _module_preset=&#8221;default&#8221; width=&#8221;35%&#8221; module_alignment=&#8221;center&#8221; global_colors_info=&#8221;{}&#8221;][\/et_pb_divider][et_pb_text _builder_version=&#8221;4.14.4&#8243; _module_preset=&#8221;default&#8221; global_colors_info=&#8221;{}&#8221;]<\/p>\n<p><strong>\u00dcbrigens:\u00a0<\/strong>Weitere Infos rund um die Verabschiedung von Prof. Dr. Gerhard Schneider finden Sie <a href=\"https:\/\/www.hs-aalen.de\/de\/facilities\/226\" target=\"_blank\" rel=\"noopener\"><span style=\"color: #0071bc;\">hier<\/span><\/a>. Au\u00dferdem ist gerade eine <a href=\"https:\/\/www.hs-aalen.de\/pages\/presse-kommunikation-und-marketing_1_hochschulmagazin-limes-aktuell\" target=\"_blank\" rel=\"noopener\"><span style=\"color: #0071bc;\">limes-Special-Ausgabe<\/span><\/a> zu Prof. Dr. Gerhard Schneider erschienen.<o:p><\/o:p><\/p>\n<p>[\/et_pb_text][et_pb_divider color=&#8221;#000000&#8243; divider_position=&#8221;center&#8221; divider_weight=&#8221;3px&#8221; _builder_version=&#8221;4.14.4&#8243; _module_preset=&#8221;default&#8221; width=&#8221;35%&#8221; module_alignment=&#8221;center&#8221; global_colors_info=&#8221;{}&#8221;][\/et_pb_divider][et_pb_text _builder_version=&#8221;4.14.4&#8243; _module_preset=&#8221;default&#8221; global_colors_info=&#8221;{}&#8221;]<\/p>\n<p><strong>Fotohinweise:<\/strong><\/p>\n<p>Headerbild: W\u00e4hrend seiner Amtszeit hat Rektor Prof. Dr. Gerhard Schneider manchen Meilenstein wie beispielsweise den Bau der beiden neuen Forschungsgeb\u00e4ude oder die Etablierung einer Gr\u00fcnderkultur an der Hochschule gestemmt | \u00a9 Hochschule Aalen | Jan Walford<\/p>\n<p>Beitragsbild:\u00a0Unter Prof. Dr. Gerhard Schneiders F\u00fchrung hat sich die Hochschule Aalen bundesweit zu einer der forschungsst\u00e4rksten Hochschulen f\u00fcr Angewandte Wissenschaften entwickelt | \u00a9 Hochschule Aalen | Jan Walford<\/p>\n<p>[\/et_pb_text][\/et_pb_column][\/et_pb_row][\/et_pb_section]<\/p>\n","protected":false},"excerpt":{"rendered":"<p>Herausragender Forscher, zupackender Macher und weitsichtiger Stratege: Nach 14 Jahren Amtszeit verabschiedet sich Prof. Dr. Gerhard Schneider als Rektor der Hochschule Aalen.<\/p>\n","protected":false},"author":5,"featured_media":8746,"comment_status":"open","ping_status":"closed","sticky":false,"template":"","format":"standard","meta":{"_acf_changed":false,"_et_pb_use_builder":"on","_et_pb_old_content":"<em>Technologietag Leichtbau Regional in Schw\u00e4bisch Gm\u00fcnd<\/em>\r\n\r\n<strong class=\"date\">Fr, 26. Oktober 2018<\/strong>\u00a0<span class=\"gray\">\u2192<\/span>\u00a0Wie wichtig der Technologietag Leichtbau Regional als lokale Veranstaltung neben einer zentralen Konferenz in Stuttgart sei, betonte Dr. Wolfgang Seeliger, Gesch\u00e4ftsf\u00fchrer der Landesagentur Leichtbau BW, in seiner Begr\u00fc\u00dfung. Das Thema Leichtbau m\u00fcsse in die Fl\u00e4che getragen werden, um das gro\u00dfe Potential f\u00fcr die Herausforderungen der Zukunft wie den Klimawandel auszusch\u00f6pfen und Wettbewerbsf\u00e4higkeit und Wohlstand in der Region zu sichern.\r\n\r\n[caption id=\"attachment_1022\" align=\"alignnone\" width=\"768\"]<img class=\"wp-image-1022 size-large\" src=\"https:\/\/smart-pro.org\/en\/wp-content\/uploads\/sites\/2\/2018\/10\/181026_PM_Technologietag_Leichtbau_Regional_FotoKristinaLakomek-e1545054488606-768x1024.jpg\" alt=\"\" width=\"768\" height=\"1024\"> Hintere Reihe: Wolfgang Stoll, Prof. Dr. Markus Merkel\/HSA, Dr. Wolfgang Seeliger \/ Leichtbau BW; mittlere Reihe: J\u00f6rg Egelhaaf, Peter Schmidt\/IHK, vorne: Sarah W\u00f6rz\/IHK, Jan Grasmannsdorf, Dr. Wolfgang Rimkus\/HSA, Julian Schlosser\/HSA).[\/caption]\r\n\r\nBildnachweis\/Quelle:","_et_gb_content_width":"","iawp_total_views":0,"footnotes":""},"categories":[239,236,237,20],"tags":[99,258,64,133,23,116,208,49,22],"class_list":["post-8740","post","type-post","status-publish","format-standard","has-post-thumbnail","hentry","category-additive-manufacturing","category-energy-converter","category-energy-storage","category-news","tag-additive-fertigung","tag-batteriematerialien","tag-batterietechnologien","tag-fachhochschulen","tag-hochschule-aalen","tag-magnete","tag-magnetwerkstoffe","tag-schneider","tag-smartpro"],"acf":[],"yoast_head":"<!-- This site is optimized with the Yoast SEO plugin v25.8 - https:\/\/yoast.com\/wordpress\/plugins\/seo\/ -->\n<title>Stratege und Macher im Dienst der Hochschule Aalen und der Region - SmartPro \u2013 Key to Smart Products<\/title>\n<meta name=\"robots\" content=\"index, follow, max-snippet:-1, max-image-preview:large, max-video-preview:-1\" \/>\n<link rel=\"canonical\" href=\"https:\/\/smart-pro.org\/en\/blog\/2021\/12\/16\/stratege-und-macher-im-dienst-der-hochschule\/\" \/>\n<meta property=\"og:locale\" content=\"en_GB\" \/>\n<meta property=\"og:type\" content=\"article\" \/>\n<meta property=\"og:title\" content=\"Stratege und Macher im Dienst der Hochschule Aalen und der Region - SmartPro \u2013 Key to Smart Products\" \/>\n<meta property=\"og:description\" content=\"Herausragender Forscher, zupackender Macher und weitsichtiger Stratege: Nach 14 Jahren Amtszeit verabschiedet sich Prof. Dr. Gerhard Schneider als Rektor der Hochschule Aalen.\" \/>\n<meta property=\"og:url\" content=\"https:\/\/smart-pro.org\/en\/blog\/2021\/12\/16\/stratege-und-macher-im-dienst-der-hochschule\/\" \/>\n<meta property=\"og:site_name\" content=\"SmartPro \u2013 Key to Smart Products\" \/>\n<meta property=\"article:published_time\" content=\"2021-12-16T18:35:41+00:00\" \/>\n<meta property=\"article:modified_time\" content=\"2022-01-07T10:18:06+00:00\" \/>\n<meta property=\"og:image\" content=\"https:\/\/smart-pro.org\/en\/wp-content\/uploads\/sites\/2\/2021\/12\/Headerbild_Verabschiedung_Prof._Dr._Gerhard_Schneider_FotoJanWalford_2_red.jpg\" \/>\n\t<meta property=\"og:image:width\" content=\"1920\" \/>\n\t<meta property=\"og:image:height\" content=\"1280\" \/>\n\t<meta property=\"og:image:type\" content=\"image\/jpeg\" \/>\n<meta name=\"author\" content=\"Anna Frank\" \/>\n<meta name=\"twitter:card\" content=\"summary_large_image\" \/>\n<meta name=\"twitter:label1\" content=\"Written by\" \/>\n\t<meta name=\"twitter:data1\" content=\"Anna Frank\" \/>\n\t<meta name=\"twitter:label2\" content=\"Estimated reading time\" \/>\n\t<meta name=\"twitter:data2\" content=\"6 minutes\" \/>\n<script type=\"application\/ld+json\" class=\"yoast-schema-graph\">{\"@context\":\"https:\/\/schema.org\",\"@graph\":[{\"@type\":\"WebPage\",\"@id\":\"https:\/\/smart-pro.org\/en\/blog\/2021\/12\/16\/stratege-und-macher-im-dienst-der-hochschule\/\",\"url\":\"https:\/\/smart-pro.org\/en\/blog\/2021\/12\/16\/stratege-und-macher-im-dienst-der-hochschule\/\",\"name\":\"Stratege und Macher im Dienst der Hochschule Aalen und der Region - SmartPro \u2013 Key to Smart Products\",\"isPartOf\":{\"@id\":\"https:\/\/smart-pro.org\/en\/#website\"},\"primaryImageOfPage\":{\"@id\":\"https:\/\/smart-pro.org\/en\/blog\/2021\/12\/16\/stratege-und-macher-im-dienst-der-hochschule\/#primaryimage\"},\"image\":{\"@id\":\"https:\/\/smart-pro.org\/en\/blog\/2021\/12\/16\/stratege-und-macher-im-dienst-der-hochschule\/#primaryimage\"},\"thumbnailUrl\":\"https:\/\/smart-pro.org\/en\/wp-content\/uploads\/sites\/2\/2021\/12\/Headerbild_Verabschiedung_Prof._Dr._Gerhard_Schneider_FotoJanWalford_2_red.jpg\",\"datePublished\":\"2021-12-16T18:35:41+00:00\",\"dateModified\":\"2022-01-07T10:18:06+00:00\",\"author\":{\"@id\":\"https:\/\/smart-pro.org\/en\/#\/schema\/person\/f88d179124646b04919b9900a0f9c690\"},\"breadcrumb\":{\"@id\":\"https:\/\/smart-pro.org\/en\/blog\/2021\/12\/16\/stratege-und-macher-im-dienst-der-hochschule\/#breadcrumb\"},\"inLanguage\":\"en-GB\",\"potentialAction\":[{\"@type\":\"ReadAction\",\"target\":[\"https:\/\/smart-pro.org\/en\/blog\/2021\/12\/16\/stratege-und-macher-im-dienst-der-hochschule\/\"]}]},{\"@type\":\"ImageObject\",\"inLanguage\":\"en-GB\",\"@id\":\"https:\/\/smart-pro.org\/en\/blog\/2021\/12\/16\/stratege-und-macher-im-dienst-der-hochschule\/#primaryimage\",\"url\":\"https:\/\/smart-pro.org\/en\/wp-content\/uploads\/sites\/2\/2021\/12\/Headerbild_Verabschiedung_Prof._Dr._Gerhard_Schneider_FotoJanWalford_2_red.jpg\",\"contentUrl\":\"https:\/\/smart-pro.org\/en\/wp-content\/uploads\/sites\/2\/2021\/12\/Headerbild_Verabschiedung_Prof._Dr._Gerhard_Schneider_FotoJanWalford_2_red.jpg\",\"width\":1920,\"height\":1280,\"caption\":\"Headerbild Verabschiedung Prof. Dr. Gerhard Schneide Foto Jan Walford\"},{\"@type\":\"BreadcrumbList\",\"@id\":\"https:\/\/smart-pro.org\/en\/blog\/2021\/12\/16\/stratege-und-macher-im-dienst-der-hochschule\/#breadcrumb\",\"itemListElement\":[{\"@type\":\"ListItem\",\"position\":1,\"name\":\"Home\",\"item\":\"https:\/\/smart-pro.org\/en\/\"},{\"@type\":\"ListItem\",\"position\":2,\"name\":\"Stratege und Macher im Dienst der Hochschule Aalen und der Region\"}]},{\"@type\":\"WebSite\",\"@id\":\"https:\/\/smart-pro.org\/en\/#website\",\"url\":\"https:\/\/smart-pro.org\/en\/\",\"name\":\"SmartPro \u2013 Key to Smart Products\",\"description\":\"Klimaschutz durch Energie- und Ressourceneffizienz\",\"potentialAction\":[{\"@type\":\"SearchAction\",\"target\":{\"@type\":\"EntryPoint\",\"urlTemplate\":\"https:\/\/smart-pro.org\/en\/?s={search_term_string}\"},\"query-input\":{\"@type\":\"PropertyValueSpecification\",\"valueRequired\":true,\"valueName\":\"search_term_string\"}}],\"inLanguage\":\"en-GB\"},{\"@type\":\"Person\",\"@id\":\"https:\/\/smart-pro.org\/en\/#\/schema\/person\/f88d179124646b04919b9900a0f9c690\",\"name\":\"Anna Frank\",\"image\":{\"@type\":\"ImageObject\",\"inLanguage\":\"en-GB\",\"@id\":\"https:\/\/smart-pro.org\/en\/#\/schema\/person\/image\/\",\"url\":\"https:\/\/secure.gravatar.com\/avatar\/fe0c392fdee23b592c0289014e9ea023?s=96&d=mm&r=g\",\"contentUrl\":\"https:\/\/secure.gravatar.com\/avatar\/fe0c392fdee23b592c0289014e9ea023?s=96&d=mm&r=g\",\"caption\":\"Anna Frank\"},\"url\":\"https:\/\/smart-pro.org\/en\/blog\/author\/anna_frank\/\"}]}<\/script>\n<!-- \/ Yoast SEO plugin. -->","yoast_head_json":{"title":"Stratege und Macher im Dienst der Hochschule Aalen und der Region - SmartPro \u2013 Key to Smart Products","robots":{"index":"index","follow":"follow","max-snippet":"max-snippet:-1","max-image-preview":"max-image-preview:large","max-video-preview":"max-video-preview:-1"},"canonical":"https:\/\/smart-pro.org\/en\/blog\/2021\/12\/16\/stratege-und-macher-im-dienst-der-hochschule\/","og_locale":"en_GB","og_type":"article","og_title":"Stratege und Macher im Dienst der Hochschule Aalen und der Region - SmartPro \u2013 Key to Smart Products","og_description":"Herausragender Forscher, zupackender Macher und weitsichtiger Stratege: Nach 14 Jahren Amtszeit verabschiedet sich Prof. Dr. Gerhard Schneider als Rektor der Hochschule Aalen.","og_url":"https:\/\/smart-pro.org\/en\/blog\/2021\/12\/16\/stratege-und-macher-im-dienst-der-hochschule\/","og_site_name":"SmartPro \u2013 Key to Smart Products","article_published_time":"2021-12-16T18:35:41+00:00","article_modified_time":"2022-01-07T10:18:06+00:00","og_image":[{"width":1920,"height":1280,"url":"https:\/\/smart-pro.org\/en\/wp-content\/uploads\/sites\/2\/2021\/12\/Headerbild_Verabschiedung_Prof._Dr._Gerhard_Schneider_FotoJanWalford_2_red.jpg","type":"image\/jpeg"}],"author":"Anna Frank","twitter_card":"summary_large_image","twitter_misc":{"Written by":"Anna Frank","Estimated reading time":"6 minutes"},"schema":{"@context":"https:\/\/schema.org","@graph":[{"@type":"WebPage","@id":"https:\/\/smart-pro.org\/en\/blog\/2021\/12\/16\/stratege-und-macher-im-dienst-der-hochschule\/","url":"https:\/\/smart-pro.org\/en\/blog\/2021\/12\/16\/stratege-und-macher-im-dienst-der-hochschule\/","name":"Stratege und Macher im Dienst der Hochschule Aalen und der Region - SmartPro \u2013 Key to Smart Products","isPartOf":{"@id":"https:\/\/smart-pro.org\/en\/#website"},"primaryImageOfPage":{"@id":"https:\/\/smart-pro.org\/en\/blog\/2021\/12\/16\/stratege-und-macher-im-dienst-der-hochschule\/#primaryimage"},"image":{"@id":"https:\/\/smart-pro.org\/en\/blog\/2021\/12\/16\/stratege-und-macher-im-dienst-der-hochschule\/#primaryimage"},"thumbnailUrl":"https:\/\/smart-pro.org\/en\/wp-content\/uploads\/sites\/2\/2021\/12\/Headerbild_Verabschiedung_Prof._Dr._Gerhard_Schneider_FotoJanWalford_2_red.jpg","datePublished":"2021-12-16T18:35:41+00:00","dateModified":"2022-01-07T10:18:06+00:00","author":{"@id":"https:\/\/smart-pro.org\/en\/#\/schema\/person\/f88d179124646b04919b9900a0f9c690"},"breadcrumb":{"@id":"https:\/\/smart-pro.org\/en\/blog\/2021\/12\/16\/stratege-und-macher-im-dienst-der-hochschule\/#breadcrumb"},"inLanguage":"en-GB","potentialAction":[{"@type":"ReadAction","target":["https:\/\/smart-pro.org\/en\/blog\/2021\/12\/16\/stratege-und-macher-im-dienst-der-hochschule\/"]}]},{"@type":"ImageObject","inLanguage":"en-GB","@id":"https:\/\/smart-pro.org\/en\/blog\/2021\/12\/16\/stratege-und-macher-im-dienst-der-hochschule\/#primaryimage","url":"https:\/\/smart-pro.org\/en\/wp-content\/uploads\/sites\/2\/2021\/12\/Headerbild_Verabschiedung_Prof._Dr._Gerhard_Schneider_FotoJanWalford_2_red.jpg","contentUrl":"https:\/\/smart-pro.org\/en\/wp-content\/uploads\/sites\/2\/2021\/12\/Headerbild_Verabschiedung_Prof._Dr._Gerhard_Schneider_FotoJanWalford_2_red.jpg","width":1920,"height":1280,"caption":"Headerbild Verabschiedung Prof. Dr. Gerhard Schneide Foto Jan Walford"},{"@type":"BreadcrumbList","@id":"https:\/\/smart-pro.org\/en\/blog\/2021\/12\/16\/stratege-und-macher-im-dienst-der-hochschule\/#breadcrumb","itemListElement":[{"@type":"ListItem","position":1,"name":"Home","item":"https:\/\/smart-pro.org\/en\/"},{"@type":"ListItem","position":2,"name":"Stratege und Macher im Dienst der Hochschule Aalen und der Region"}]},{"@type":"WebSite","@id":"https:\/\/smart-pro.org\/en\/#website","url":"https:\/\/smart-pro.org\/en\/","name":"SmartPro \u2013 Key to Smart Products","description":"Klimaschutz durch Energie- und Ressourceneffizienz","potentialAction":[{"@type":"SearchAction","target":{"@type":"EntryPoint","urlTemplate":"https:\/\/smart-pro.org\/en\/?s={search_term_string}"},"query-input":{"@type":"PropertyValueSpecification","valueRequired":true,"valueName":"search_term_string"}}],"inLanguage":"en-GB"},{"@type":"Person","@id":"https:\/\/smart-pro.org\/en\/#\/schema\/person\/f88d179124646b04919b9900a0f9c690","name":"Anna Frank","image":{"@type":"ImageObject","inLanguage":"en-GB","@id":"https:\/\/smart-pro.org\/en\/#\/schema\/person\/image\/","url":"https:\/\/secure.gravatar.com\/avatar\/fe0c392fdee23b592c0289014e9ea023?s=96&d=mm&r=g","contentUrl":"https:\/\/secure.gravatar.com\/avatar\/fe0c392fdee23b592c0289014e9ea023?s=96&d=mm&r=g","caption":"Anna Frank"},"url":"https:\/\/smart-pro.org\/en\/blog\/author\/anna_frank\/"}]}},"_links":{"self":[{"href":"https:\/\/smart-pro.org\/en\/wp-json\/wp\/v2\/posts\/8740","targetHints":{"allow":["GET"]}}],"collection":[{"href":"https:\/\/smart-pro.org\/en\/wp-json\/wp\/v2\/posts"}],"about":[{"href":"https:\/\/smart-pro.org\/en\/wp-json\/wp\/v2\/types\/post"}],"author":[{"embeddable":true,"href":"https:\/\/smart-pro.org\/en\/wp-json\/wp\/v2\/users\/5"}],"replies":[{"embeddable":true,"href":"https:\/\/smart-pro.org\/en\/wp-json\/wp\/v2\/comments?post=8740"}],"version-history":[{"count":11,"href":"https:\/\/smart-pro.org\/en\/wp-json\/wp\/v2\/posts\/8740\/revisions"}],"predecessor-version":[{"id":8755,"href":"https:\/\/smart-pro.org\/en\/wp-json\/wp\/v2\/posts\/8740\/revisions\/8755"}],"wp:featuredmedia":[{"embeddable":true,"href":"https:\/\/smart-pro.org\/en\/wp-json\/wp\/v2\/media\/8746"}],"wp:attachment":[{"href":"https:\/\/smart-pro.org\/en\/wp-json\/wp\/v2\/media?parent=8740"}],"wp:term":[{"taxonomy":"category","embeddable":true,"href":"https:\/\/smart-pro.org\/en\/wp-json\/wp\/v2\/categories?post=8740"},{"taxonomy":"post_tag","embeddable":true,"href":"https:\/\/smart-pro.org\/en\/wp-json\/wp\/v2\/tags?post=8740"}],"curies":[{"name":"wp","href":"https:\/\/api.w.org\/{rel}","templated":true}]}}