{"id":8924,"date":"2021-06-28T12:57:38","date_gmt":"2021-06-28T10:57:38","guid":{"rendered":"https:\/\/smart-pro.org\/en\/2022\/01\/11\/der-limes-02-2021-ist-da-copy\/"},"modified":"2022-01-11T13:06:58","modified_gmt":"2022-01-11T12:06:58","slug":"der-limes-01-2021-ist-da","status":"publish","type":"post","link":"https:\/\/smart-pro.org\/en\/blog\/2021\/06\/28\/der-limes-01-2021-ist-da\/","title":{"rendered":"Der neue limes 01\/2021 ist da!"},"content":{"rendered":"<p>[et_pb_section fb_built=&#8221;1&#8243; _builder_version=&#8221;4.14.4&#8243; global_colors_info=&#8221;{}&#8221;][et_pb_row _builder_version=&#8221;4.14.4&#8243; background_size=&#8221;initial&#8221; background_position=&#8221;top_left&#8221; background_repeat=&#8221;repeat&#8221; custom_margin=&#8221;0px|0px|0px|0px|false|false&#8221; custom_padding=&#8221;0px|0px|0px|0px|false|false&#8221; global_colors_info=&#8221;{}&#8221;][et_pb_column type=&#8221;4_4&#8243; _builder_version=&#8221;3.25&#8243; custom_padding=&#8221;|||&#8221; global_colors_info=&#8221;{}&#8221; custom_padding__hover=&#8221;|||&#8221;][et_pb_text _builder_version=&#8221;4.14.4&#8243; background_size=&#8221;initial&#8221; background_position=&#8221;top_left&#8221; background_repeat=&#8221;repeat&#8221; global_colors_info=&#8221;{}&#8221;]<\/p>\n<p class=\"PMStandard\">Was haben das Leuchtturmprojekt \u00bbKI-Werkstatt Mittelstand\u00ab, das explorhino und das Innovationszentrum INNO-Z gemeinsam? Die Antwort: All diese Aktivit\u00e4ten sind ein kleiner Ausschnitt aus dem \u00bbPortfolio\u00ab der Hochschule Aalen und zeigen, dass sie auf vielerlei Weise in Stadt und Region hineinwirkt. In den bald 60 Jahren seit ihrer Gr\u00fcndung ist sie zu einer der gr\u00f6\u00dften Hochschulen f\u00fcr angewandte Wissenschaften in Baden-W\u00fcrttemberg herangewachsen. Landesund deutschlandweit belegt sie Spitzenpl\u00e4tze in Forschung und Lehre. Die Hochschule Aalen ist heute ein wichtiger und unverzichtbarer Bestandteil des Bildungs- und Wirtschaftsstandorts Ostw\u00fcrttemberg, aber auch des gesellschaftlichen Lebens in Stadt und Region.<o:p><\/o:p><\/p>\n<p class=\"PMStandard\">Mit der neuen Ausgabe des <a href=\"https:\/\/www.hs-aalen.de\/uploads\/mediapool\/media\/file\/31462\/WEB-Limes-01-2021.pdf#page=7\" target=\"_blank\" rel=\"noopener\"><span style=\"color: #0071bc; text-decoration: none; text-underline: none;\">limes<\/span><\/a> zum Schwerpunktthema \u00bbStarke Hochschule \u2013 starke Region. Wo sich Theorie und Praxis treffen\u00ab m\u00f6chten wir einen Einblick in das tolle Projekt \u00bbHochschule f\u00fcr die Region\u00ab geben, an dem wir Tag f\u00fcr Tag gemeinsam mit unseren vielf\u00e4ltigen Partnern gerne und mit gro\u00dfem Engagement arbeiten. Wir haben uns beispielsweise im neuen Sch\u00fclerforschungszentrum der Hochschule Aalen und im Innovationszentrum umgeschaut, mit dem Zeiss-Vorsitzenden Dr. Karl Lamprecht gesprochen und uns \u00fcber den aktuellen Stand der SmartPro-Partnerschaft informiert, an der \u00fcber 60 zumeist regionale Kooperationspartner aus Wirtschaft und Wissenschaft beteiligt sind.<o:p><\/o:p><\/p>\n<p>[\/et_pb_text][et_pb_image src=&#8221;https:\/\/smart-pro.org\/en\/wp-content\/uploads\/sites\/2\/2022\/01\/limes_2021-1_Titelbild_hoch_red.jpg&#8221; alt=&#8221;limes 2021 02 Sonderausgabe Gerhard Schneider&#8221; title_text=&#8221;01_Editorial-bis-Campus-210608.indd&#8221; align=&#8221;center&#8221; _builder_version=&#8221;4.14.4&#8243; _module_preset=&#8221;default&#8221; width=&#8221;89%&#8221; max_width=&#8221;1080px&#8221; global_colors_info=&#8221;{}&#8221;][\/et_pb_image][et_pb_divider color=&#8221;#000000&#8243; divider_position=&#8221;center&#8221; divider_weight=&#8221;3px&#8221; _builder_version=&#8221;4.14.4&#8243; _module_preset=&#8221;default&#8221; width=&#8221;35%&#8221; module_alignment=&#8221;center&#8221; global_colors_info=&#8221;{}&#8221;][\/et_pb_divider][et_pb_text _builder_version=&#8221;4.14.4&#8243; background_size=&#8221;initial&#8221; background_position=&#8221;top_left&#8221; background_repeat=&#8221;repeat&#8221; global_colors_info=&#8221;{}&#8221;]<\/p>\n<p><strong>\u00dcbrigens:\u00a0<\/strong>In dieser Ausgabe gibt es auch eine komplette Doppelseite \u00fcber die SmartPro-Partnerschaft.<\/p>\n<p>[\/et_pb_text][et_pb_image src=&#8221;https:\/\/smart-pro.org\/en\/wp-content\/uploads\/sites\/2\/2022\/01\/limes_2021-1_SmartPro-Artikel_hoch_red.jpg&#8221; title_text=&#8221;01_Editorial-bis-Campus-210608.indd&#8221; align=&#8221;center&#8221; _builder_version=&#8221;4.14.4&#8243; _module_preset=&#8221;default&#8221; width=&#8221;89%&#8221; max_width=&#8221;1080px&#8221; global_colors_info=&#8221;{}&#8221;][\/et_pb_image][et_pb_divider color=&#8221;#000000&#8243; divider_position=&#8221;center&#8221; divider_weight=&#8221;3px&#8221; _builder_version=&#8221;4.14.4&#8243; _module_preset=&#8221;default&#8221; width=&#8221;35%&#8221; module_alignment=&#8221;center&#8221; global_colors_info=&#8221;{}&#8221;][\/et_pb_divider][et_pb_text _builder_version=&#8221;4.14.4&#8243; background_size=&#8221;initial&#8221; background_position=&#8221;top_left&#8221; background_repeat=&#8221;repeat&#8221; global_colors_info=&#8221;{}&#8221;]<\/p>\n<p><strong>Weitere Informationen:<\/strong>\u00a0<\/p>\n<p>limes erscheint einmal im Semester und berichtet aus der Hochschule, rund ums Studentenleben, Lehre und Forschung. Interessant, spritzig, spannend und stets abwechslungsreich erfahren die Leserinnen und Leser, was los ist auf dem Campus. Unterhaltsam und informativ stellt limes Trends aus Forschung, Hochschulwelt oder Lernmethodik vor ebenso wie interessante Leute, die aus dem Labor, von Projekten, aus dem Ausland oder von der Karriereleiter berichten.<\/p>\n<p>[\/et_pb_text][et_pb_divider color=&#8221;#000000&#8243; divider_position=&#8221;center&#8221; divider_weight=&#8221;3px&#8221; _builder_version=&#8221;4.14.4&#8243; _module_preset=&#8221;default&#8221; width=&#8221;35%&#8221; module_alignment=&#8221;center&#8221; global_colors_info=&#8221;{}&#8221;][\/et_pb_divider][et_pb_text _builder_version=&#8221;4.14.4&#8243; _module_preset=&#8221;default&#8221; global_colors_info=&#8221;{}&#8221;]<\/p>\n<p><strong>Fotohinweis:<\/strong> limes \u00a9 Hochschule Aalen<\/p>\n<p>[\/et_pb_text][\/et_pb_column][\/et_pb_row][\/et_pb_section]<\/p>\n","protected":false},"excerpt":{"rendered":"<p>Aktuelles Schwerpunktthema: Starke Hochschule \u2013 starke Region. Mit dabei: eine komplette Doppelseite \u00fcber das SmartPro-Kooperationsnetzwerk!<\/p>\n","protected":false},"author":5,"featured_media":8926,"comment_status":"open","ping_status":"closed","sticky":false,"template":"","format":"standard","meta":{"_acf_changed":false,"_et_pb_use_builder":"on","_et_pb_old_content":"<em>Technologietag Leichtbau Regional in Schw\u00e4bisch Gm\u00fcnd<\/em>\r\n\r\n<strong class=\"date\">Fr, 26. Oktober 2018<\/strong>\u00a0<span class=\"gray\">\u2192<\/span>\u00a0Wie wichtig der Technologietag Leichtbau Regional als lokale Veranstaltung neben einer zentralen Konferenz in Stuttgart sei, betonte Dr. Wolfgang Seeliger, Gesch\u00e4ftsf\u00fchrer der Landesagentur Leichtbau BW, in seiner Begr\u00fc\u00dfung. Das Thema Leichtbau m\u00fcsse in die Fl\u00e4che getragen werden, um das gro\u00dfe Potential f\u00fcr die Herausforderungen der Zukunft wie den Klimawandel auszusch\u00f6pfen und Wettbewerbsf\u00e4higkeit und Wohlstand in der Region zu sichern.\r\n\r\n[caption id=\"attachment_1022\" align=\"alignnone\" width=\"768\"]<img class=\"wp-image-1022 size-large\" src=\"https:\/\/smart-pro.org\/en\/wp-content\/uploads\/sites\/2\/2018\/10\/181026_PM_Technologietag_Leichtbau_Regional_FotoKristinaLakomek-e1545054488606-768x1024.jpg\" alt=\"\" width=\"768\" height=\"1024\"> Hintere Reihe: Wolfgang Stoll, Prof. Dr. Markus Merkel\/HSA, Dr. Wolfgang Seeliger \/ Leichtbau BW; mittlere Reihe: J\u00f6rg Egelhaaf, Peter Schmidt\/IHK, vorne: Sarah W\u00f6rz\/IHK, Jan Grasmannsdorf, Dr. Wolfgang Rimkus\/HSA, Julian Schlosser\/HSA).[\/caption]\r\n\r\nBildnachweis\/Quelle:","_et_gb_content_width":"","iawp_total_views":2,"footnotes":""},"categories":[20,241],"tags":[133,23,259,276],"class_list":["post-8924","post","type-post","status-publish","format-standard","has-post-thumbnail","hentry","category-news","category-publications","tag-fachhochschulen","tag-hochschule-aalen","tag-limes","tag-region"],"acf":[],"yoast_head":"<!-- This site is optimized with the Yoast SEO plugin v25.8 - https:\/\/yoast.com\/wordpress\/plugins\/seo\/ -->\n<title>Der neue limes 01\/2021 ist da! - SmartPro \u2013 Key to Smart Products<\/title>\n<meta name=\"robots\" content=\"index, follow, max-snippet:-1, max-image-preview:large, max-video-preview:-1\" \/>\n<link rel=\"canonical\" href=\"https:\/\/smart-pro.org\/en\/blog\/2021\/06\/28\/der-limes-01-2021-ist-da\/\" \/>\n<meta property=\"og:locale\" content=\"en_GB\" \/>\n<meta property=\"og:type\" content=\"article\" \/>\n<meta property=\"og:title\" content=\"Der neue limes 01\/2021 ist da! - SmartPro \u2013 Key to Smart Products\" \/>\n<meta property=\"og:description\" content=\"Aktuelles Schwerpunktthema: Starke Hochschule \u2013 starke Region. Mit dabei: eine komplette Doppelseite \u00fcber das SmartPro-Kooperationsnetzwerk!\" \/>\n<meta property=\"og:url\" content=\"https:\/\/smart-pro.org\/en\/blog\/2021\/06\/28\/der-limes-01-2021-ist-da\/\" \/>\n<meta property=\"og:site_name\" content=\"SmartPro \u2013 Key to Smart Products\" \/>\n<meta property=\"article:published_time\" content=\"2021-06-28T10:57:38+00:00\" \/>\n<meta property=\"article:modified_time\" content=\"2022-01-11T12:06:58+00:00\" \/>\n<meta property=\"og:image\" content=\"https:\/\/smart-pro.org\/en\/wp-content\/uploads\/sites\/2\/2022\/01\/limes_2021-1_SmartPro-Artikel_quer_red.jpg\" \/>\n\t<meta property=\"og:image:width\" content=\"1080\" \/>\n\t<meta property=\"og:image:height\" content=\"720\" \/>\n\t<meta property=\"og:image:type\" content=\"image\/jpeg\" \/>\n<meta name=\"author\" content=\"Anna Frank\" \/>\n<meta name=\"twitter:card\" content=\"summary_large_image\" \/>\n<meta name=\"twitter:label1\" content=\"Written by\" \/>\n\t<meta name=\"twitter:data1\" content=\"Anna Frank\" \/>\n\t<meta name=\"twitter:label2\" content=\"Estimated reading time\" \/>\n\t<meta name=\"twitter:data2\" content=\"3 minutes\" \/>\n<script type=\"application\/ld+json\" class=\"yoast-schema-graph\">{\"@context\":\"https:\/\/schema.org\",\"@graph\":[{\"@type\":\"WebPage\",\"@id\":\"https:\/\/smart-pro.org\/en\/blog\/2021\/06\/28\/der-limes-01-2021-ist-da\/\",\"url\":\"https:\/\/smart-pro.org\/en\/blog\/2021\/06\/28\/der-limes-01-2021-ist-da\/\",\"name\":\"Der neue limes 01\/2021 ist da! - SmartPro \u2013 Key to Smart Products\",\"isPartOf\":{\"@id\":\"https:\/\/smart-pro.org\/en\/#website\"},\"primaryImageOfPage\":{\"@id\":\"https:\/\/smart-pro.org\/en\/blog\/2021\/06\/28\/der-limes-01-2021-ist-da\/#primaryimage\"},\"image\":{\"@id\":\"https:\/\/smart-pro.org\/en\/blog\/2021\/06\/28\/der-limes-01-2021-ist-da\/#primaryimage\"},\"thumbnailUrl\":\"https:\/\/smart-pro.org\/en\/wp-content\/uploads\/sites\/2\/2022\/01\/limes_2021-1_SmartPro-Artikel_quer_red.jpg\",\"datePublished\":\"2021-06-28T10:57:38+00:00\",\"dateModified\":\"2022-01-11T12:06:58+00:00\",\"author\":{\"@id\":\"https:\/\/smart-pro.org\/en\/#\/schema\/person\/f88d179124646b04919b9900a0f9c690\"},\"breadcrumb\":{\"@id\":\"https:\/\/smart-pro.org\/en\/blog\/2021\/06\/28\/der-limes-01-2021-ist-da\/#breadcrumb\"},\"inLanguage\":\"en-GB\",\"potentialAction\":[{\"@type\":\"ReadAction\",\"target\":[\"https:\/\/smart-pro.org\/en\/blog\/2021\/06\/28\/der-limes-01-2021-ist-da\/\"]}]},{\"@type\":\"ImageObject\",\"inLanguage\":\"en-GB\",\"@id\":\"https:\/\/smart-pro.org\/en\/blog\/2021\/06\/28\/der-limes-01-2021-ist-da\/#primaryimage\",\"url\":\"https:\/\/smart-pro.org\/en\/wp-content\/uploads\/sites\/2\/2022\/01\/limes_2021-1_SmartPro-Artikel_quer_red.jpg\",\"contentUrl\":\"https:\/\/smart-pro.org\/en\/wp-content\/uploads\/sites\/2\/2022\/01\/limes_2021-1_SmartPro-Artikel_quer_red.jpg\",\"width\":1080,\"height\":720},{\"@type\":\"BreadcrumbList\",\"@id\":\"https:\/\/smart-pro.org\/en\/blog\/2021\/06\/28\/der-limes-01-2021-ist-da\/#breadcrumb\",\"itemListElement\":[{\"@type\":\"ListItem\",\"position\":1,\"name\":\"Home\",\"item\":\"https:\/\/smart-pro.org\/en\/\"},{\"@type\":\"ListItem\",\"position\":2,\"name\":\"Der neue limes 01\/2021 ist da!\"}]},{\"@type\":\"WebSite\",\"@id\":\"https:\/\/smart-pro.org\/en\/#website\",\"url\":\"https:\/\/smart-pro.org\/en\/\",\"name\":\"SmartPro \u2013 Key to Smart Products\",\"description\":\"Klimaschutz durch Energie- und Ressourceneffizienz\",\"potentialAction\":[{\"@type\":\"SearchAction\",\"target\":{\"@type\":\"EntryPoint\",\"urlTemplate\":\"https:\/\/smart-pro.org\/en\/?s={search_term_string}\"},\"query-input\":{\"@type\":\"PropertyValueSpecification\",\"valueRequired\":true,\"valueName\":\"search_term_string\"}}],\"inLanguage\":\"en-GB\"},{\"@type\":\"Person\",\"@id\":\"https:\/\/smart-pro.org\/en\/#\/schema\/person\/f88d179124646b04919b9900a0f9c690\",\"name\":\"Anna Frank\",\"image\":{\"@type\":\"ImageObject\",\"inLanguage\":\"en-GB\",\"@id\":\"https:\/\/smart-pro.org\/en\/#\/schema\/person\/image\/\",\"url\":\"https:\/\/secure.gravatar.com\/avatar\/fe0c392fdee23b592c0289014e9ea023?s=96&d=mm&r=g\",\"contentUrl\":\"https:\/\/secure.gravatar.com\/avatar\/fe0c392fdee23b592c0289014e9ea023?s=96&d=mm&r=g\",\"caption\":\"Anna Frank\"},\"url\":\"https:\/\/smart-pro.org\/en\/blog\/author\/anna_frank\/\"}]}<\/script>\n<!-- \/ Yoast SEO plugin. -->","yoast_head_json":{"title":"Der neue limes 01\/2021 ist da! - SmartPro \u2013 Key to Smart Products","robots":{"index":"index","follow":"follow","max-snippet":"max-snippet:-1","max-image-preview":"max-image-preview:large","max-video-preview":"max-video-preview:-1"},"canonical":"https:\/\/smart-pro.org\/en\/blog\/2021\/06\/28\/der-limes-01-2021-ist-da\/","og_locale":"en_GB","og_type":"article","og_title":"Der neue limes 01\/2021 ist da! - SmartPro \u2013 Key to Smart Products","og_description":"Aktuelles Schwerpunktthema: Starke Hochschule \u2013 starke Region. Mit dabei: eine komplette Doppelseite \u00fcber das SmartPro-Kooperationsnetzwerk!","og_url":"https:\/\/smart-pro.org\/en\/blog\/2021\/06\/28\/der-limes-01-2021-ist-da\/","og_site_name":"SmartPro \u2013 Key to Smart Products","article_published_time":"2021-06-28T10:57:38+00:00","article_modified_time":"2022-01-11T12:06:58+00:00","og_image":[{"width":1080,"height":720,"url":"https:\/\/smart-pro.org\/en\/wp-content\/uploads\/sites\/2\/2022\/01\/limes_2021-1_SmartPro-Artikel_quer_red.jpg","type":"image\/jpeg"}],"author":"Anna Frank","twitter_card":"summary_large_image","twitter_misc":{"Written by":"Anna Frank","Estimated reading time":"3 minutes"},"schema":{"@context":"https:\/\/schema.org","@graph":[{"@type":"WebPage","@id":"https:\/\/smart-pro.org\/en\/blog\/2021\/06\/28\/der-limes-01-2021-ist-da\/","url":"https:\/\/smart-pro.org\/en\/blog\/2021\/06\/28\/der-limes-01-2021-ist-da\/","name":"Der neue limes 01\/2021 ist da! - SmartPro \u2013 Key to Smart Products","isPartOf":{"@id":"https:\/\/smart-pro.org\/en\/#website"},"primaryImageOfPage":{"@id":"https:\/\/smart-pro.org\/en\/blog\/2021\/06\/28\/der-limes-01-2021-ist-da\/#primaryimage"},"image":{"@id":"https:\/\/smart-pro.org\/en\/blog\/2021\/06\/28\/der-limes-01-2021-ist-da\/#primaryimage"},"thumbnailUrl":"https:\/\/smart-pro.org\/en\/wp-content\/uploads\/sites\/2\/2022\/01\/limes_2021-1_SmartPro-Artikel_quer_red.jpg","datePublished":"2021-06-28T10:57:38+00:00","dateModified":"2022-01-11T12:06:58+00:00","author":{"@id":"https:\/\/smart-pro.org\/en\/#\/schema\/person\/f88d179124646b04919b9900a0f9c690"},"breadcrumb":{"@id":"https:\/\/smart-pro.org\/en\/blog\/2021\/06\/28\/der-limes-01-2021-ist-da\/#breadcrumb"},"inLanguage":"en-GB","potentialAction":[{"@type":"ReadAction","target":["https:\/\/smart-pro.org\/en\/blog\/2021\/06\/28\/der-limes-01-2021-ist-da\/"]}]},{"@type":"ImageObject","inLanguage":"en-GB","@id":"https:\/\/smart-pro.org\/en\/blog\/2021\/06\/28\/der-limes-01-2021-ist-da\/#primaryimage","url":"https:\/\/smart-pro.org\/en\/wp-content\/uploads\/sites\/2\/2022\/01\/limes_2021-1_SmartPro-Artikel_quer_red.jpg","contentUrl":"https:\/\/smart-pro.org\/en\/wp-content\/uploads\/sites\/2\/2022\/01\/limes_2021-1_SmartPro-Artikel_quer_red.jpg","width":1080,"height":720},{"@type":"BreadcrumbList","@id":"https:\/\/smart-pro.org\/en\/blog\/2021\/06\/28\/der-limes-01-2021-ist-da\/#breadcrumb","itemListElement":[{"@type":"ListItem","position":1,"name":"Home","item":"https:\/\/smart-pro.org\/en\/"},{"@type":"ListItem","position":2,"name":"Der neue limes 01\/2021 ist da!"}]},{"@type":"WebSite","@id":"https:\/\/smart-pro.org\/en\/#website","url":"https:\/\/smart-pro.org\/en\/","name":"SmartPro \u2013 Key to Smart Products","description":"Klimaschutz durch Energie- und Ressourceneffizienz","potentialAction":[{"@type":"SearchAction","target":{"@type":"EntryPoint","urlTemplate":"https:\/\/smart-pro.org\/en\/?s={search_term_string}"},"query-input":{"@type":"PropertyValueSpecification","valueRequired":true,"valueName":"search_term_string"}}],"inLanguage":"en-GB"},{"@type":"Person","@id":"https:\/\/smart-pro.org\/en\/#\/schema\/person\/f88d179124646b04919b9900a0f9c690","name":"Anna Frank","image":{"@type":"ImageObject","inLanguage":"en-GB","@id":"https:\/\/smart-pro.org\/en\/#\/schema\/person\/image\/","url":"https:\/\/secure.gravatar.com\/avatar\/fe0c392fdee23b592c0289014e9ea023?s=96&d=mm&r=g","contentUrl":"https:\/\/secure.gravatar.com\/avatar\/fe0c392fdee23b592c0289014e9ea023?s=96&d=mm&r=g","caption":"Anna Frank"},"url":"https:\/\/smart-pro.org\/en\/blog\/author\/anna_frank\/"}]}},"_links":{"self":[{"href":"https:\/\/smart-pro.org\/en\/wp-json\/wp\/v2\/posts\/8924","targetHints":{"allow":["GET"]}}],"collection":[{"href":"https:\/\/smart-pro.org\/en\/wp-json\/wp\/v2\/posts"}],"about":[{"href":"https:\/\/smart-pro.org\/en\/wp-json\/wp\/v2\/types\/post"}],"author":[{"embeddable":true,"href":"https:\/\/smart-pro.org\/en\/wp-json\/wp\/v2\/users\/5"}],"replies":[{"embeddable":true,"href":"https:\/\/smart-pro.org\/en\/wp-json\/wp\/v2\/comments?post=8924"}],"version-history":[{"count":6,"href":"https:\/\/smart-pro.org\/en\/wp-json\/wp\/v2\/posts\/8924\/revisions"}],"predecessor-version":[{"id":8934,"href":"https:\/\/smart-pro.org\/en\/wp-json\/wp\/v2\/posts\/8924\/revisions\/8934"}],"wp:featuredmedia":[{"embeddable":true,"href":"https:\/\/smart-pro.org\/en\/wp-json\/wp\/v2\/media\/8926"}],"wp:attachment":[{"href":"https:\/\/smart-pro.org\/en\/wp-json\/wp\/v2\/media?parent=8924"}],"wp:term":[{"taxonomy":"category","embeddable":true,"href":"https:\/\/smart-pro.org\/en\/wp-json\/wp\/v2\/categories?post=8924"},{"taxonomy":"post_tag","embeddable":true,"href":"https:\/\/smart-pro.org\/en\/wp-json\/wp\/v2\/tags?post=8924"}],"curies":[{"name":"wp","href":"https:\/\/api.w.org\/{rel}","templated":true}]}}