{"id":8936,"date":"2021-07-26T13:20:41","date_gmt":"2021-07-26T11:20:41","guid":{"rendered":"https:\/\/smart-pro.org\/en\/2022\/01\/11\/harald-riegel-startet-als-neuer-rektor-copy-2\/"},"modified":"2022-01-11T13:31:17","modified_gmt":"2022-01-11T12:31:17","slug":"harald-riegel-startet-als-neuer-rektor-copy-2","status":"publish","type":"post","link":"https:\/\/smart-pro.org\/en\/blog\/2021\/07\/26\/harald-riegel-startet-als-neuer-rektor-copy-2\/","title":{"rendered":"Wasserstoff \u2013 vom Labor in die breite Anwendung"},"content":{"rendered":"<p>[et_pb_section fb_built=&#8221;1&#8243; _builder_version=&#8221;4.14.4&#8243; global_colors_info=&#8221;{}&#8221;][et_pb_row _builder_version=&#8221;4.14.4&#8243; background_size=&#8221;initial&#8221; background_position=&#8221;top_left&#8221; background_repeat=&#8221;repeat&#8221; custom_margin=&#8221;0px|0px|0px|0px|false|false&#8221; custom_padding=&#8221;0px|0px|0px|0px|false|false&#8221; global_colors_info=&#8221;{}&#8221;][et_pb_column type=&#8221;4_4&#8243; _builder_version=&#8221;3.25&#8243; custom_padding=&#8221;|||&#8221; global_colors_info=&#8221;{}&#8221; custom_padding__hover=&#8221;|||&#8221;][et_pb_text _builder_version=&#8221;4.14.4&#8243; background_size=&#8221;initial&#8221; background_position=&#8221;top_left&#8221; background_repeat=&#8221;repeat&#8221; global_colors_info=&#8221;{}&#8221;]<\/p>\n<p>Ressourcenschonung und Klimaschutz sind Themen, die uns alle bewegen. Wasserstoff als ein wichtiger Energietr\u00e4ger der Zukunft stand daher im Mittelpunkt des aktuellen Partnerschaftstreffens des\u00a0<a href=\"https:\/\/smart-pro.org\/en\/\">SmartPro-Netzwerks<\/a>. Experten vom\u00a0<a href=\"https:\/\/www.zsw-bw.de\/\">Zentrum f\u00fcr Sonnenenergie- und Wasserstoff-Forschung Baden-W\u00fcrttemberg (ZSW)<\/a>\u00a0in Stuttgart gaben hierbei spannende Einblicke.\u00a0<a href=\"https:\/\/hs-aalen.de\/de\/users\/258\">Prof. Dr. Dagmar Goll<\/a>\u00a0und\u00a0<a href=\"https:\/\/www.hs-aalen.de\/de\/users\/972\">Prof. Dr. Volker Knoblauch<\/a>\u00a0von der Hochschule Aalen stellten im Anschluss aktuelle Aktivit\u00e4ten aus Hochschule und SmartPro vor. Danach nutzten die \u00fcber 100 Teilnehmerinnen und Teilnehmer die Gelegenheit, sich untereinander zu weiteren aktuellen Trends und Herausforderungen auszutauschen und zu vernetzen.\u00a0<\/p>\n<h2>Energietr\u00e4ger der Zukunft<\/h2>\n<p>Wasserstoff wird zuk\u00fcnftig als alternativer Energietr\u00e4ger und als Rohstoff f\u00fcr die Industrie eine Schl\u00fcsselrolle in Klimaschutz und Energiewende einnehmen. \u201eWasserstoff bietet durch seine besonderen Eigenschaften und vielseitigen Einsatzm\u00f6glichkeiten viele Ansatzpunkte zu den in SmartPro verfolgten Themen wie Mobilit\u00e4t oder Energiespeicherung\u201c, erkl\u00e4rte der Rektor der Hochschule Aalen,\u00a0<a href=\"https:\/\/www.hs-aalen.de\/de\/users\/64\">Prof. Dr. Gerhard Schneider<\/a>, in seinem Gru\u00dfwort. Obwohl f\u00fcr die breite Markteinf\u00fchrung von Wasserstoff noch eine Reihe von Herausforderungen zu meistern ist, zeigten Prof. Dr. Frithjof Stai\u00df und Dr. Marc-Simon L\u00f6ffler vom ZSW in ihrem Vortrag eindrucksvoll dessen Chancen auf. Sie beleuchteten nicht nur die Wichtigkeit von Wasserstoff weltweit, sondern gingen auch auf dessen nationale und regionale Bedeutung ein. Durch die vielf\u00e4ltigen Anwendungsbereiche er\u00f6ffnen sich f\u00fcr Unternehmen durch die Erarbeitung und Umsetzung innovativer L\u00f6sungsans\u00e4tze neue Chancen. \u201eWir brauchen die anwendungsorientierte Forschung und den raschen Transfer der Ergebnisse in die Unternehmen, um das Wertsch\u00f6pfungspotenzial von Wasserstofftechnologien f\u00fcr die heimische Wirtschaft voll ausnutzen zu k\u00f6nnen \u2013 idealerweise also einen engen Austausch in langfristig angelegten Partnerschaften. Das SmartPro-Netzwerk zeigt eindrucksvoll, dass so etwas gut gelingen kann\u201c, schloss Stai\u00df.<\/p>\n<h2>Eine Partnerschaft mit Zukunft<\/h2>\n<p>Eine \u00dcbersicht \u00fcber die aktuelle Entwicklung der SmartPro-Partnerschaft gaben die Sprecherin des Netzwerks Prof. Dr. Dagmar Goll und der stellvertretende Sprecher Prof. Dr. Volker Knoblauch. So konnten 24 neue Partner f\u00fcr die Fortsetzung von SmartPro gewonnen werden. \u201eDas anhaltend gro\u00dfe Interesse der Wirtschaft zeigt uns, dass wir mit unserer Strategie und den verfolgten Forschungsthemen richtig liegen\u201c, freut sich Goll. Nicht nur aktuelle Trends und Ereignisse machten deutlich, dass Forschung mit Blick auf der Zukunft wichtiger denn je sei, zum Beispiel um Verbrennungsmotoren zu reduzieren. Prof. Knoblauch erg\u00e4nzt: \u201eDer direkte und intensive Austausch mit Unternehmen er\u00f6ffnet uns die Sicht auf f\u00fcr die Wirtschaft relevante Themen und liefert uns zahlreiche Impulse f\u00fcr neue anwendungsorientierte Fragestellungen mit hohem Zukunftspotenzial.\u201c\u00a0<\/p>\n<h2>Aktuelle Herausforderungen im Fokus<\/h2>\n<p>Forschungsaktivit\u00e4ten in SmartPro adressieren zum Beispiel Energiewandler (energieeffiziente Elektromotoren), Energiespeicher (leistungsf\u00e4hige und langlebige Batterien) oder Leichtbaukomponenten (neue Multimaterialverb\u00fcnde) \u2013 alle haben dabei Klimaschutz und Ressourcenschonung im Blick. In Kleingruppen diskutierten die Teilnehmer zum Abschluss des Partnerschaftstreffens aktuelle Entwicklungen und Herausforderungen zu diesen Themen. Unternehmenspartner gaben kurze Impulse: So pr\u00e4sentierte Dr. Matthias Katter, Direktor Forschung und Entwicklung von Permanentmagneten der\u00a0<a href=\"https:\/\/vacuumschmelze.de\/\">VACUUMSCHMELZE GmbH &amp; Co. KG,<\/a>\u00a0aktuelle Entwicklungstrends bei Seltenerd-Dauermagneten, w\u00e4hrend sich bei Dr. Nicolas Bucher, Drittmittelprojektmanager bei der\u00a0<a href=\"http:\/\/varta.de\/\">VARTA AG<\/a>, alles um zuk\u00fcnftige elektrische Speicheranwendungen drehte. Auch Dr. Elmar Beeh vom Institut f\u00fcr Fahrzeugkonzepte des\u00a0<a href=\"https:\/\/www.dlr.de\/DE\/Home\/home_node.html\">Deutschen Zentrum f\u00fcr Luft- und Raumfahrt e.V. (DLR)<\/a>\u00a0wagte einen Blick in die Zukunft und zeigte auf, wie sich der Leichtbau in der Automobilbranche entwickeln k\u00f6nnte. \u201eSeit Beginn von SmartPro setzen wir auf vertrauensvolle Kooperationen zwischen Hochschule und Wirtschaft, mit Transfer- sowie Forschungspartnern und eine strategische Vernetzung der Partner\u201c, sagte\u00a0<a href=\"https:\/\/www.hs-aalen.de\/de\/users\/14200\">Dr. Kristina Lakomek<\/a>\u00a0aus dem SmartPro-Managementteam, \u201ebeim j\u00e4hrlichen Partnerschaftstreffen kommen alle zusammen \u2212 im Zeitalter der Digitalisierung und Pandemie eben online.\u201c Den pers\u00f6nlichen Austausch k\u00f6nne dies nat\u00fcrlich nicht ersetzen, daher freue man sich schon auf das n\u00e4chste Partnerschaftstreffen, \u201ehoffentlich dann von Angesicht zu Angesicht\u201c.<\/p>\n<p>[\/et_pb_text][et_pb_image src=&#8221;https:\/\/smart-pro.org\/en\/wp-content\/uploads\/sites\/2\/2022\/01\/hs-aa-forschungsgebaeude-labore-5-21-41_red.jpg&#8221; title_text=&#8221;hs-aa-forschungsgebaeude-labore-5-21-41_red&#8221; align=&#8221;center&#8221; _builder_version=&#8221;4.14.4&#8243; _module_preset=&#8221;default&#8221; width=&#8221;89%&#8221; max_width=&#8221;1080px&#8221; global_colors_info=&#8221;{}&#8221;][\/et_pb_image][et_pb_text _builder_version=&#8221;4.14.4&#8243; background_size=&#8221;initial&#8221; background_position=&#8221;top_left&#8221; background_repeat=&#8221;repeat&#8221; global_colors_info=&#8221;{}&#8221;]<\/p>\n<p><strong>Weitere Informationen:<\/strong><\/p>\n<p>Die SmartPro-Partnerschaft an der Hochschule Aalen wird seit 2017 im Rahmen der Ma\u00dfnahme \u201eStarke Fachhochschulen \u2013 Impuls f\u00fcr die Region (FH-Impuls)\u201c durch das Bundesministerium f\u00fcr Bildung und Forschung (BMBF) mit rund 10 Millionen Euro gef\u00f6rdert. Seit dem Start ist das Netzwerk kontinuierlich gewachsen. Neben Arbeitsgruppen der Hochschule sind \u00fcber 60 weitere Partner \u2013 aus Wirtschaft, Forschung und Transfer \u2013 an SmartPro beteiligt. Ziel von SmartPro ist es, neue L\u00f6sungsans\u00e4tze zu Klimaschutz, Ressourcenschonung und Digitalisierung in gemeinsamen Forschungsprojekten der Partner zu erarbeiten, um so nachhaltige Innovationsimpulse in der Region und dar\u00fcber hinaus zu geben. In SmartPro verfolgte Themen zielen auf die Anwendungsfelder <a href=\"https:\/\/smart-pro.org\/en\/forschung\/energiewandler\">Energiewandler<\/a>, <a href=\"https:\/\/smart-pro.org\/en\/forschung\/energiespeicher\">Energiespeicher<\/a> und <a href=\"https:\/\/smart-pro.org\/en\/forschung\/leichtbau\">Leichtbau<\/a>, erg\u00e4nzt durch die Querschnittstechnologien <a href=\"https:\/\/smart-pro.org\/en\/forschung\/additive-fertigung\">Additive Fertigung<\/a> und <a href=\"https:\/\/smart-pro.org\/en\/forschung\/machine-learning\">Maschinelles Lernen<\/a>.<\/p>\n<p>[\/et_pb_text][et_pb_divider color=&#8221;#000000&#8243; divider_position=&#8221;center&#8221; divider_weight=&#8221;3px&#8221; _builder_version=&#8221;4.14.4&#8243; _module_preset=&#8221;default&#8221; width=&#8221;35%&#8221; module_alignment=&#8221;center&#8221; global_colors_info=&#8221;{}&#8221;][\/et_pb_divider][et_pb_text _builder_version=&#8221;4.14.4&#8243; _module_preset=&#8221;default&#8221; global_colors_info=&#8221;{}&#8221;]<\/p>\n<p><strong>Fotohinweis:<\/strong><\/p>\n<p>Headerbild: <span>Mehr als 100 Vertreterinnen und Vertreter aus Wirtschaft und Wissenschaft waren beim diesj\u00e4hrigen Online-Partnerschaftstreffen des SmartPro-Netzwerks dabei<\/span> | \u00a9 Hochschule Aalen | Anna Frank<\/p>\n<p>Beitragsbild:\u00a0Wasserstoff bietet viele Ansatzpunkte zu Forschungsthemen des Kooperationsnetzwerks SmartPro wie Mobilit\u00e4t oder Energiespeicherung. Feststoffbatterien untersucht hier das Team um Dr. Pinar Kaya vom Institut f\u00fcr Materialforschung IMFAA der Hochschule Aalen | \u00a9 Hochschule Aalen | Jan Walford<\/p>\n<p>[\/et_pb_text][\/et_pb_column][\/et_pb_row][\/et_pb_section]<\/p>\n","protected":false},"excerpt":{"rendered":"<p>Das 5. SmartPro-Partnerschaftstreffen fand als digitale Veranstaltung an der Hochschule Aalen statt.<\/p>\n","protected":false},"author":5,"featured_media":8943,"comment_status":"open","ping_status":"closed","sticky":false,"template":"","format":"standard","meta":{"_acf_changed":false,"_et_pb_use_builder":"on","_et_pb_old_content":"<em>Technologietag Leichtbau Regional in Schw\u00e4bisch Gm\u00fcnd<\/em>\r\n\r\n<strong class=\"date\">Fr, 26. Oktober 2018<\/strong>\u00a0<span class=\"gray\">\u2192<\/span>\u00a0Wie wichtig der Technologietag Leichtbau Regional als lokale Veranstaltung neben einer zentralen Konferenz in Stuttgart sei, betonte Dr. Wolfgang Seeliger, Gesch\u00e4ftsf\u00fchrer der Landesagentur Leichtbau BW, in seiner Begr\u00fc\u00dfung. Das Thema Leichtbau m\u00fcsse in die Fl\u00e4che getragen werden, um das gro\u00dfe Potential f\u00fcr die Herausforderungen der Zukunft wie den Klimawandel auszusch\u00f6pfen und Wettbewerbsf\u00e4higkeit und Wohlstand in der Region zu sichern.\r\n\r\n[caption id=\"attachment_1022\" align=\"alignnone\" width=\"768\"]<img class=\"wp-image-1022 size-large\" src=\"https:\/\/smart-pro.org\/en\/wp-content\/uploads\/sites\/2\/2018\/10\/181026_PM_Technologietag_Leichtbau_Regional_FotoKristinaLakomek-e1545054488606-768x1024.jpg\" alt=\"\" width=\"768\" height=\"1024\"> Hintere Reihe: Wolfgang Stoll, Prof. Dr. Markus Merkel\/HSA, Dr. Wolfgang Seeliger \/ Leichtbau BW; mittlere Reihe: J\u00f6rg Egelhaaf, Peter Schmidt\/IHK, vorne: Sarah W\u00f6rz\/IHK, Jan Grasmannsdorf, Dr. Wolfgang Rimkus\/HSA, Julian Schlosser\/HSA).[\/caption]\r\n\r\nBildnachweis\/Quelle:","_et_gb_content_width":"","iawp_total_views":0,"footnotes":""},"categories":[20],"tags":[197,133,25,271,23,171,184,195,49,22,277],"class_list":["post-8936","post","type-post","status-publish","format-standard","has-post-thumbnail","hentry","category-news","tag-angewandte-forschung","tag-fachhochschulen","tag-forschung","tag-goll","tag-hochschule-aalen","tag-knoblauch","tag-partnerschaft","tag-partnerschaftstreffen","tag-schneider","tag-smartpro","tag-wasserstoff"],"acf":[],"yoast_head":"<!-- This site is optimized with the Yoast SEO plugin v25.8 - https:\/\/yoast.com\/wordpress\/plugins\/seo\/ -->\n<title>Wasserstoff \u2013 vom Labor in die breite Anwendung - SmartPro \u2013 Key to Smart Products<\/title>\n<meta name=\"robots\" content=\"index, follow, max-snippet:-1, max-image-preview:large, max-video-preview:-1\" \/>\n<link rel=\"canonical\" href=\"https:\/\/smart-pro.org\/en\/blog\/2021\/07\/26\/harald-riegel-startet-als-neuer-rektor-copy-2\/\" \/>\n<meta property=\"og:locale\" content=\"en_GB\" \/>\n<meta property=\"og:type\" content=\"article\" \/>\n<meta property=\"og:title\" content=\"Wasserstoff \u2013 vom Labor in die breite Anwendung - SmartPro \u2013 Key to Smart Products\" \/>\n<meta property=\"og:description\" content=\"Das 5. SmartPro-Partnerschaftstreffen fand als digitale Veranstaltung an der Hochschule Aalen statt.\" \/>\n<meta property=\"og:url\" content=\"https:\/\/smart-pro.org\/en\/blog\/2021\/07\/26\/harald-riegel-startet-als-neuer-rektor-copy-2\/\" \/>\n<meta property=\"og:site_name\" content=\"SmartPro \u2013 Key to Smart Products\" \/>\n<meta property=\"article:published_time\" content=\"2021-07-26T11:20:41+00:00\" \/>\n<meta property=\"article:modified_time\" content=\"2022-01-11T12:31:17+00:00\" \/>\n<meta property=\"og:image\" content=\"https:\/\/smart-pro.org\/en\/wp-content\/uploads\/sites\/2\/2021\/07\/Partnerschaftstreffen_2021_Gruppenbild_red.jpg\" \/>\n\t<meta property=\"og:image:width\" content=\"1920\" \/>\n\t<meta property=\"og:image:height\" content=\"1280\" \/>\n\t<meta property=\"og:image:type\" content=\"image\/jpeg\" \/>\n<meta name=\"author\" content=\"Anna Frank\" \/>\n<meta name=\"twitter:card\" content=\"summary_large_image\" \/>\n<meta name=\"twitter:label1\" content=\"Written by\" \/>\n\t<meta name=\"twitter:data1\" content=\"Anna Frank\" \/>\n\t<meta name=\"twitter:label2\" content=\"Estimated reading time\" \/>\n\t<meta name=\"twitter:data2\" content=\"5 minutes\" \/>\n<script type=\"application\/ld+json\" class=\"yoast-schema-graph\">{\"@context\":\"https:\/\/schema.org\",\"@graph\":[{\"@type\":\"WebPage\",\"@id\":\"https:\/\/smart-pro.org\/en\/blog\/2021\/07\/26\/harald-riegel-startet-als-neuer-rektor-copy-2\/\",\"url\":\"https:\/\/smart-pro.org\/en\/blog\/2021\/07\/26\/harald-riegel-startet-als-neuer-rektor-copy-2\/\",\"name\":\"Wasserstoff \u2013 vom Labor in die breite Anwendung - SmartPro \u2013 Key to Smart Products\",\"isPartOf\":{\"@id\":\"https:\/\/smart-pro.org\/en\/#website\"},\"primaryImageOfPage\":{\"@id\":\"https:\/\/smart-pro.org\/en\/blog\/2021\/07\/26\/harald-riegel-startet-als-neuer-rektor-copy-2\/#primaryimage\"},\"image\":{\"@id\":\"https:\/\/smart-pro.org\/en\/blog\/2021\/07\/26\/harald-riegel-startet-als-neuer-rektor-copy-2\/#primaryimage\"},\"thumbnailUrl\":\"https:\/\/smart-pro.org\/en\/wp-content\/uploads\/sites\/2\/2021\/07\/Partnerschaftstreffen_2021_Gruppenbild_red.jpg\",\"datePublished\":\"2021-07-26T11:20:41+00:00\",\"dateModified\":\"2022-01-11T12:31:17+00:00\",\"author\":{\"@id\":\"https:\/\/smart-pro.org\/en\/#\/schema\/person\/f88d179124646b04919b9900a0f9c690\"},\"breadcrumb\":{\"@id\":\"https:\/\/smart-pro.org\/en\/blog\/2021\/07\/26\/harald-riegel-startet-als-neuer-rektor-copy-2\/#breadcrumb\"},\"inLanguage\":\"en-GB\",\"potentialAction\":[{\"@type\":\"ReadAction\",\"target\":[\"https:\/\/smart-pro.org\/en\/blog\/2021\/07\/26\/harald-riegel-startet-als-neuer-rektor-copy-2\/\"]}]},{\"@type\":\"ImageObject\",\"inLanguage\":\"en-GB\",\"@id\":\"https:\/\/smart-pro.org\/en\/blog\/2021\/07\/26\/harald-riegel-startet-als-neuer-rektor-copy-2\/#primaryimage\",\"url\":\"https:\/\/smart-pro.org\/en\/wp-content\/uploads\/sites\/2\/2021\/07\/Partnerschaftstreffen_2021_Gruppenbild_red.jpg\",\"contentUrl\":\"https:\/\/smart-pro.org\/en\/wp-content\/uploads\/sites\/2\/2021\/07\/Partnerschaftstreffen_2021_Gruppenbild_red.jpg\",\"width\":1920,\"height\":1280},{\"@type\":\"BreadcrumbList\",\"@id\":\"https:\/\/smart-pro.org\/en\/blog\/2021\/07\/26\/harald-riegel-startet-als-neuer-rektor-copy-2\/#breadcrumb\",\"itemListElement\":[{\"@type\":\"ListItem\",\"position\":1,\"name\":\"Home\",\"item\":\"https:\/\/smart-pro.org\/en\/\"},{\"@type\":\"ListItem\",\"position\":2,\"name\":\"Wasserstoff \u2013 vom Labor in die breite Anwendung\"}]},{\"@type\":\"WebSite\",\"@id\":\"https:\/\/smart-pro.org\/en\/#website\",\"url\":\"https:\/\/smart-pro.org\/en\/\",\"name\":\"SmartPro \u2013 Key to Smart Products\",\"description\":\"Klimaschutz durch Energie- und Ressourceneffizienz\",\"potentialAction\":[{\"@type\":\"SearchAction\",\"target\":{\"@type\":\"EntryPoint\",\"urlTemplate\":\"https:\/\/smart-pro.org\/en\/?s={search_term_string}\"},\"query-input\":{\"@type\":\"PropertyValueSpecification\",\"valueRequired\":true,\"valueName\":\"search_term_string\"}}],\"inLanguage\":\"en-GB\"},{\"@type\":\"Person\",\"@id\":\"https:\/\/smart-pro.org\/en\/#\/schema\/person\/f88d179124646b04919b9900a0f9c690\",\"name\":\"Anna Frank\",\"image\":{\"@type\":\"ImageObject\",\"inLanguage\":\"en-GB\",\"@id\":\"https:\/\/smart-pro.org\/en\/#\/schema\/person\/image\/\",\"url\":\"https:\/\/secure.gravatar.com\/avatar\/fe0c392fdee23b592c0289014e9ea023?s=96&d=mm&r=g\",\"contentUrl\":\"https:\/\/secure.gravatar.com\/avatar\/fe0c392fdee23b592c0289014e9ea023?s=96&d=mm&r=g\",\"caption\":\"Anna Frank\"},\"url\":\"https:\/\/smart-pro.org\/en\/blog\/author\/anna_frank\/\"}]}<\/script>\n<!-- \/ Yoast SEO plugin. -->","yoast_head_json":{"title":"Wasserstoff \u2013 vom Labor in die breite Anwendung - SmartPro \u2013 Key to Smart Products","robots":{"index":"index","follow":"follow","max-snippet":"max-snippet:-1","max-image-preview":"max-image-preview:large","max-video-preview":"max-video-preview:-1"},"canonical":"https:\/\/smart-pro.org\/en\/blog\/2021\/07\/26\/harald-riegel-startet-als-neuer-rektor-copy-2\/","og_locale":"en_GB","og_type":"article","og_title":"Wasserstoff \u2013 vom Labor in die breite Anwendung - SmartPro \u2013 Key to Smart Products","og_description":"Das 5. SmartPro-Partnerschaftstreffen fand als digitale Veranstaltung an der Hochschule Aalen statt.","og_url":"https:\/\/smart-pro.org\/en\/blog\/2021\/07\/26\/harald-riegel-startet-als-neuer-rektor-copy-2\/","og_site_name":"SmartPro \u2013 Key to Smart Products","article_published_time":"2021-07-26T11:20:41+00:00","article_modified_time":"2022-01-11T12:31:17+00:00","og_image":[{"width":1920,"height":1280,"url":"https:\/\/smart-pro.org\/en\/wp-content\/uploads\/sites\/2\/2021\/07\/Partnerschaftstreffen_2021_Gruppenbild_red.jpg","type":"image\/jpeg"}],"author":"Anna Frank","twitter_card":"summary_large_image","twitter_misc":{"Written by":"Anna Frank","Estimated reading time":"5 minutes"},"schema":{"@context":"https:\/\/schema.org","@graph":[{"@type":"WebPage","@id":"https:\/\/smart-pro.org\/en\/blog\/2021\/07\/26\/harald-riegel-startet-als-neuer-rektor-copy-2\/","url":"https:\/\/smart-pro.org\/en\/blog\/2021\/07\/26\/harald-riegel-startet-als-neuer-rektor-copy-2\/","name":"Wasserstoff \u2013 vom Labor in die breite Anwendung - SmartPro \u2013 Key to Smart Products","isPartOf":{"@id":"https:\/\/smart-pro.org\/en\/#website"},"primaryImageOfPage":{"@id":"https:\/\/smart-pro.org\/en\/blog\/2021\/07\/26\/harald-riegel-startet-als-neuer-rektor-copy-2\/#primaryimage"},"image":{"@id":"https:\/\/smart-pro.org\/en\/blog\/2021\/07\/26\/harald-riegel-startet-als-neuer-rektor-copy-2\/#primaryimage"},"thumbnailUrl":"https:\/\/smart-pro.org\/en\/wp-content\/uploads\/sites\/2\/2021\/07\/Partnerschaftstreffen_2021_Gruppenbild_red.jpg","datePublished":"2021-07-26T11:20:41+00:00","dateModified":"2022-01-11T12:31:17+00:00","author":{"@id":"https:\/\/smart-pro.org\/en\/#\/schema\/person\/f88d179124646b04919b9900a0f9c690"},"breadcrumb":{"@id":"https:\/\/smart-pro.org\/en\/blog\/2021\/07\/26\/harald-riegel-startet-als-neuer-rektor-copy-2\/#breadcrumb"},"inLanguage":"en-GB","potentialAction":[{"@type":"ReadAction","target":["https:\/\/smart-pro.org\/en\/blog\/2021\/07\/26\/harald-riegel-startet-als-neuer-rektor-copy-2\/"]}]},{"@type":"ImageObject","inLanguage":"en-GB","@id":"https:\/\/smart-pro.org\/en\/blog\/2021\/07\/26\/harald-riegel-startet-als-neuer-rektor-copy-2\/#primaryimage","url":"https:\/\/smart-pro.org\/en\/wp-content\/uploads\/sites\/2\/2021\/07\/Partnerschaftstreffen_2021_Gruppenbild_red.jpg","contentUrl":"https:\/\/smart-pro.org\/en\/wp-content\/uploads\/sites\/2\/2021\/07\/Partnerschaftstreffen_2021_Gruppenbild_red.jpg","width":1920,"height":1280},{"@type":"BreadcrumbList","@id":"https:\/\/smart-pro.org\/en\/blog\/2021\/07\/26\/harald-riegel-startet-als-neuer-rektor-copy-2\/#breadcrumb","itemListElement":[{"@type":"ListItem","position":1,"name":"Home","item":"https:\/\/smart-pro.org\/en\/"},{"@type":"ListItem","position":2,"name":"Wasserstoff \u2013 vom Labor in die breite Anwendung"}]},{"@type":"WebSite","@id":"https:\/\/smart-pro.org\/en\/#website","url":"https:\/\/smart-pro.org\/en\/","name":"SmartPro \u2013 Key to Smart Products","description":"Klimaschutz durch Energie- und Ressourceneffizienz","potentialAction":[{"@type":"SearchAction","target":{"@type":"EntryPoint","urlTemplate":"https:\/\/smart-pro.org\/en\/?s={search_term_string}"},"query-input":{"@type":"PropertyValueSpecification","valueRequired":true,"valueName":"search_term_string"}}],"inLanguage":"en-GB"},{"@type":"Person","@id":"https:\/\/smart-pro.org\/en\/#\/schema\/person\/f88d179124646b04919b9900a0f9c690","name":"Anna Frank","image":{"@type":"ImageObject","inLanguage":"en-GB","@id":"https:\/\/smart-pro.org\/en\/#\/schema\/person\/image\/","url":"https:\/\/secure.gravatar.com\/avatar\/fe0c392fdee23b592c0289014e9ea023?s=96&d=mm&r=g","contentUrl":"https:\/\/secure.gravatar.com\/avatar\/fe0c392fdee23b592c0289014e9ea023?s=96&d=mm&r=g","caption":"Anna Frank"},"url":"https:\/\/smart-pro.org\/en\/blog\/author\/anna_frank\/"}]}},"_links":{"self":[{"href":"https:\/\/smart-pro.org\/en\/wp-json\/wp\/v2\/posts\/8936","targetHints":{"allow":["GET"]}}],"collection":[{"href":"https:\/\/smart-pro.org\/en\/wp-json\/wp\/v2\/posts"}],"about":[{"href":"https:\/\/smart-pro.org\/en\/wp-json\/wp\/v2\/types\/post"}],"author":[{"embeddable":true,"href":"https:\/\/smart-pro.org\/en\/wp-json\/wp\/v2\/users\/5"}],"replies":[{"embeddable":true,"href":"https:\/\/smart-pro.org\/en\/wp-json\/wp\/v2\/comments?post=8936"}],"version-history":[{"count":7,"href":"https:\/\/smart-pro.org\/en\/wp-json\/wp\/v2\/posts\/8936\/revisions"}],"predecessor-version":[{"id":8945,"href":"https:\/\/smart-pro.org\/en\/wp-json\/wp\/v2\/posts\/8936\/revisions\/8945"}],"wp:featuredmedia":[{"embeddable":true,"href":"https:\/\/smart-pro.org\/en\/wp-json\/wp\/v2\/media\/8943"}],"wp:attachment":[{"href":"https:\/\/smart-pro.org\/en\/wp-json\/wp\/v2\/media?parent=8936"}],"wp:term":[{"taxonomy":"category","embeddable":true,"href":"https:\/\/smart-pro.org\/en\/wp-json\/wp\/v2\/categories?post=8936"},{"taxonomy":"post_tag","embeddable":true,"href":"https:\/\/smart-pro.org\/en\/wp-json\/wp\/v2\/tags?post=8936"}],"curies":[{"name":"wp","href":"https:\/\/api.w.org\/{rel}","templated":true}]}}