{"id":8985,"date":"2021-07-14T14:30:39","date_gmt":"2021-07-14T12:30:39","guid":{"rendered":"https:\/\/smart-pro.org\/en\/2022\/01\/12\/harald-riegel-startet-als-neuer-rektor-copy-3\/"},"modified":"2022-01-12T14:44:47","modified_gmt":"2022-01-12T13:44:47","slug":"neues-nanoimprint-litographie-system-einsatzbereit","status":"publish","type":"post","link":"https:\/\/smart-pro.org\/en\/blog\/2021\/07\/14\/neues-nanoimprint-litographie-system-einsatzbereit\/","title":{"rendered":"Neues Nanoimprint-Lithographie-System einsatzbereit"},"content":{"rendered":"<p>[et_pb_section fb_built=&#8221;1&#8243; _builder_version=&#8221;4.14.4&#8243; global_colors_info=&#8221;{}&#8221;][et_pb_row _builder_version=&#8221;4.14.4&#8243; background_size=&#8221;initial&#8221; background_position=&#8221;top_left&#8221; background_repeat=&#8221;repeat&#8221; custom_margin=&#8221;0px|0px|0px|0px|false|false&#8221; custom_padding=&#8221;0px|0px|0px|0px|false|false&#8221; global_colors_info=&#8221;{}&#8221;][et_pb_column type=&#8221;4_4&#8243; _builder_version=&#8221;3.25&#8243; custom_padding=&#8221;|||&#8221; global_colors_info=&#8221;{}&#8221; custom_padding__hover=&#8221;|||&#8221;][et_pb_text _builder_version=&#8221;4.14.5&#8243; background_size=&#8221;initial&#8221; background_position=&#8221;top_left&#8221; background_repeat=&#8221;repeat&#8221; global_colors_info=&#8221;{}&#8221;]<\/p>\n<p><strong>Die Nanoimprintlithografie ist ein Verfahren zum kosteng\u00fcnstigen Herstellen von Nanostrukturen mittels eines nanostrukturierten Stempels. Als Nanoimprintlithografie bezeichnet man dabei ein Verfahren, das sich zur wiederholten Erzeugung von Strukturen in der Gr\u00f6\u00dfenordnung weniger Nanometer eignet. Nun freut sich das <a href=\"https:\/\/www.hs-aalen.de\/de\/facilities\/12\" target=\"_blank\" rel=\"noopener\">ZOT (Zentrum f\u00fcr optische Technologien)<\/a> an der Hochschule Aalen \u00fcber ihr neues Nanoimprint Lithografie System, das ebensolche Strukturen im Nanometerbereich replizieren kann. <\/strong><\/p>\n<p>Daf\u00fcr braucht es einen Positiv-Stempel, welcher wiederholt in ein Fotopolymer oder einen Fotolack gedr\u00fcckt wird und im UV-Licht ausgeh\u00e4rtet wird. Der Stempel selbst wird von einem Master abgeformt. Die Herstellung dieser Master erfolgt am ZOT durch die in der Entwicklung befindliche Roboter basierte additiven Fertigungsplattform. \u201eDas System hilft uns, in kurzer Zeit kosteng\u00fcnstig Kopien von komplexen optischen Komponenten herzustellen, die zum Beispiel f\u00fcr Augmented Reality Anwendungen, energieeffiziente Beleuchtungen oder in medizinischen Produkten wie Intraokularlinsen ihren Einsatz finden. Dabei ist f\u00fcr uns nicht nur die anwendungsorientierte Forschung wichtig, sondern auch der Transfer in die Lehre\u201c, sagt <a href=\"https:\/\/smart-pro.org\/en\/netzwerk\/forschende\/#andreas-heinrich\">Prof. Dr. Andreas Heinrich<\/a>, einer der Arbeitsgruppenleiter am ZOT, Studiengangskoordinator des Studiengangs \u201eOptical Engineering\u201c und aktiver Forscher im SmartPro-Netzwerk.<\/p>\n<p>Doch wie funktioniert der Prozess im Detail? Zun\u00e4chst wird ein Master mit der zu replizierenden Nanostruktur hergestellt. Diese Struktur wird anschlie\u00dfend auf einen Stempel \u00fcbertragen. Im n\u00e4chsten Schritt wird das Substrat, z.B. eine bereits bestehende Optikkomponente, mit einem fl\u00fcssigen Poylmerfilm beschichtet. Anschlie\u00dfend wird der Stempel in diesen fl\u00fcssigen Polymerfilm gedr\u00fcckt. Um nun dauerhaft die Nanostruktur des Stemples auf das Substrat zu \u00fcbertragen wird der Polymerfilm im UV-Licht ausgeh\u00e4rtet. Letztlich wird der Stempel abgezogen und steht f\u00fcr einen \u00dcbertrag der Struktur auf ein weiteres Substrat zur Verf\u00fcgung.<\/p>\n<p>Dieser Prozess findet schon in vielen Forschungsinstituten Anwendung. Heinrich: \u201eUnser Ziel ist es, den Abdruckprozess auf gekr\u00fcmmten Oberfl\u00e4chen mit spziellen Materialien f\u00fcr optische Einheiten zu realisieren.\u201c<\/p>\n<p>[\/et_pb_text][et_pb_image src=&#8221;https:\/\/smart-pro.org\/en\/wp-content\/uploads\/sites\/2\/2022\/01\/DSC_6751_kleiner_hoch_red.jpg&#8221; title_text=&#8221;DSC_6751_kleiner_hoch_red&#8221; align=&#8221;center&#8221; _builder_version=&#8221;4.14.5&#8243; _module_preset=&#8221;default&#8221; width=&#8221;89%&#8221; max_width=&#8221;1080px&#8221; global_colors_info=&#8221;{}&#8221;][\/et_pb_image][et_pb_divider color=&#8221;#000000&#8243; divider_position=&#8221;center&#8221; divider_weight=&#8221;3px&#8221; _builder_version=&#8221;4.14.4&#8243; _module_preset=&#8221;default&#8221; width=&#8221;35%&#8221; module_alignment=&#8221;center&#8221; global_colors_info=&#8221;{}&#8221;][\/et_pb_divider][et_pb_text _builder_version=&#8221;4.14.5&#8243; _module_preset=&#8221;default&#8221; global_colors_info=&#8221;{}&#8221;]<\/p>\n<p><strong>Fotohinweis: <\/strong>Optische Gitter, z. B. f\u00fcr Augmented Reality Anwendungen, kosteng\u00fcnstig und schnell herstellen mit dem neuen System | \u00a9 Hochschule Aalen | Anna Frank<\/p>\n<p>[\/et_pb_text][\/et_pb_column][\/et_pb_row][\/et_pb_section]<\/p>\n","protected":false},"excerpt":{"rendered":"<p>Zentrum f\u00fcr Optische Technologien erh\u00e4lt gef\u00f6rderte Anlage, von der auch die Forschung im SmartPro-Netzwerk profitiert.<\/p>\n","protected":false},"author":5,"featured_media":8987,"comment_status":"open","ping_status":"closed","sticky":false,"template":"","format":"standard","meta":{"_acf_changed":false,"_et_pb_use_builder":"on","_et_pb_old_content":"<em>Technologietag Leichtbau Regional in Schw\u00e4bisch Gm\u00fcnd<\/em>\r\n\r\n<strong class=\"date\">Fr, 26. Oktober 2018<\/strong>\u00a0<span class=\"gray\">\u2192<\/span>\u00a0Wie wichtig der Technologietag Leichtbau Regional als lokale Veranstaltung neben einer zentralen Konferenz in Stuttgart sei, betonte Dr. Wolfgang Seeliger, Gesch\u00e4ftsf\u00fchrer der Landesagentur Leichtbau BW, in seiner Begr\u00fc\u00dfung. Das Thema Leichtbau m\u00fcsse in die Fl\u00e4che getragen werden, um das gro\u00dfe Potential f\u00fcr die Herausforderungen der Zukunft wie den Klimawandel auszusch\u00f6pfen und Wettbewerbsf\u00e4higkeit und Wohlstand in der Region zu sichern.\r\n\r\n[caption id=\"attachment_1022\" align=\"alignnone\" width=\"768\"]<img class=\"wp-image-1022 size-large\" src=\"https:\/\/smart-pro.org\/en\/wp-content\/uploads\/sites\/2\/2018\/10\/181026_PM_Technologietag_Leichtbau_Regional_FotoKristinaLakomek-e1545054488606-768x1024.jpg\" alt=\"\" width=\"768\" height=\"1024\"> Hintere Reihe: Wolfgang Stoll, Prof. Dr. Markus Merkel\/HSA, Dr. Wolfgang Seeliger \/ Leichtbau BW; mittlere Reihe: J\u00f6rg Egelhaaf, Peter Schmidt\/IHK, vorne: Sarah W\u00f6rz\/IHK, Jan Grasmannsdorf, Dr. Wolfgang Rimkus\/HSA, Julian Schlosser\/HSA).[\/caption]\r\n\r\nBildnachweis\/Quelle:","_et_gb_content_width":"","iawp_total_views":3,"footnotes":""},"categories":[239,20],"tags":[99,133,191,23,194,280,22],"class_list":["post-8985","post","type-post","status-publish","format-standard","has-post-thumbnail","hentry","category-additive-manufacturing","category-news","tag-additive-fertigung","tag-fachhochschulen","tag-heinrich","tag-hochschule-aalen","tag-nanoimprint-lithographiesystem","tag-nanoimprint-litographie","tag-smartpro"],"acf":[],"yoast_head":"<!-- This site is optimized with the Yoast SEO plugin v25.8 - https:\/\/yoast.com\/wordpress\/plugins\/seo\/ -->\n<title>Neues Nanoimprint-Lithographie-System einsatzbereit - SmartPro \u2013 Key to Smart Products<\/title>\n<meta name=\"robots\" content=\"index, follow, max-snippet:-1, max-image-preview:large, max-video-preview:-1\" \/>\n<link rel=\"canonical\" href=\"https:\/\/smart-pro.org\/en\/blog\/2021\/07\/14\/neues-nanoimprint-litographie-system-einsatzbereit\/\" \/>\n<meta property=\"og:locale\" content=\"en_GB\" \/>\n<meta property=\"og:type\" content=\"article\" \/>\n<meta property=\"og:title\" content=\"Neues Nanoimprint-Lithographie-System einsatzbereit - SmartPro \u2013 Key to Smart Products\" \/>\n<meta property=\"og:description\" content=\"Zentrum f\u00fcr Optische Technologien erh\u00e4lt gef\u00f6rderte Anlage, von der auch die Forschung im SmartPro-Netzwerk profitiert.\" \/>\n<meta property=\"og:url\" content=\"https:\/\/smart-pro.org\/en\/blog\/2021\/07\/14\/neues-nanoimprint-litographie-system-einsatzbereit\/\" \/>\n<meta property=\"og:site_name\" content=\"SmartPro \u2013 Key to Smart Products\" \/>\n<meta property=\"article:published_time\" content=\"2021-07-14T12:30:39+00:00\" \/>\n<meta property=\"article:modified_time\" content=\"2022-01-12T13:44:47+00:00\" \/>\n<meta property=\"og:image\" content=\"https:\/\/smart-pro.org\/en\/wp-content\/uploads\/sites\/2\/2022\/01\/DSC_6751_kleiner_quer_red.jpg\" \/>\n\t<meta property=\"og:image:width\" content=\"1350\" \/>\n\t<meta property=\"og:image:height\" content=\"900\" \/>\n\t<meta property=\"og:image:type\" content=\"image\/jpeg\" \/>\n<meta name=\"author\" content=\"Anna Frank\" \/>\n<meta name=\"twitter:card\" content=\"summary_large_image\" \/>\n<meta name=\"twitter:label1\" content=\"Written by\" \/>\n\t<meta name=\"twitter:data1\" content=\"Anna Frank\" \/>\n\t<meta name=\"twitter:label2\" content=\"Estimated reading time\" \/>\n\t<meta name=\"twitter:data2\" content=\"2 minutes\" \/>\n<script type=\"application\/ld+json\" class=\"yoast-schema-graph\">{\"@context\":\"https:\/\/schema.org\",\"@graph\":[{\"@type\":\"WebPage\",\"@id\":\"https:\/\/smart-pro.org\/en\/blog\/2021\/07\/14\/neues-nanoimprint-litographie-system-einsatzbereit\/\",\"url\":\"https:\/\/smart-pro.org\/en\/blog\/2021\/07\/14\/neues-nanoimprint-litographie-system-einsatzbereit\/\",\"name\":\"Neues Nanoimprint-Lithographie-System einsatzbereit - SmartPro \u2013 Key to Smart Products\",\"isPartOf\":{\"@id\":\"https:\/\/smart-pro.org\/en\/#website\"},\"primaryImageOfPage\":{\"@id\":\"https:\/\/smart-pro.org\/en\/blog\/2021\/07\/14\/neues-nanoimprint-litographie-system-einsatzbereit\/#primaryimage\"},\"image\":{\"@id\":\"https:\/\/smart-pro.org\/en\/blog\/2021\/07\/14\/neues-nanoimprint-litographie-system-einsatzbereit\/#primaryimage\"},\"thumbnailUrl\":\"https:\/\/smart-pro.org\/en\/wp-content\/uploads\/sites\/2\/2022\/01\/DSC_6751_kleiner_quer_red.jpg\",\"datePublished\":\"2021-07-14T12:30:39+00:00\",\"dateModified\":\"2022-01-12T13:44:47+00:00\",\"author\":{\"@id\":\"https:\/\/smart-pro.org\/en\/#\/schema\/person\/f88d179124646b04919b9900a0f9c690\"},\"breadcrumb\":{\"@id\":\"https:\/\/smart-pro.org\/en\/blog\/2021\/07\/14\/neues-nanoimprint-litographie-system-einsatzbereit\/#breadcrumb\"},\"inLanguage\":\"en-GB\",\"potentialAction\":[{\"@type\":\"ReadAction\",\"target\":[\"https:\/\/smart-pro.org\/en\/blog\/2021\/07\/14\/neues-nanoimprint-litographie-system-einsatzbereit\/\"]}]},{\"@type\":\"ImageObject\",\"inLanguage\":\"en-GB\",\"@id\":\"https:\/\/smart-pro.org\/en\/blog\/2021\/07\/14\/neues-nanoimprint-litographie-system-einsatzbereit\/#primaryimage\",\"url\":\"https:\/\/smart-pro.org\/en\/wp-content\/uploads\/sites\/2\/2022\/01\/DSC_6751_kleiner_quer_red.jpg\",\"contentUrl\":\"https:\/\/smart-pro.org\/en\/wp-content\/uploads\/sites\/2\/2022\/01\/DSC_6751_kleiner_quer_red.jpg\",\"width\":1350,\"height\":900},{\"@type\":\"BreadcrumbList\",\"@id\":\"https:\/\/smart-pro.org\/en\/blog\/2021\/07\/14\/neues-nanoimprint-litographie-system-einsatzbereit\/#breadcrumb\",\"itemListElement\":[{\"@type\":\"ListItem\",\"position\":1,\"name\":\"Home\",\"item\":\"https:\/\/smart-pro.org\/en\/\"},{\"@type\":\"ListItem\",\"position\":2,\"name\":\"Neues Nanoimprint-Lithographie-System einsatzbereit\"}]},{\"@type\":\"WebSite\",\"@id\":\"https:\/\/smart-pro.org\/en\/#website\",\"url\":\"https:\/\/smart-pro.org\/en\/\",\"name\":\"SmartPro \u2013 Key to Smart Products\",\"description\":\"Klimaschutz durch Energie- und Ressourceneffizienz\",\"potentialAction\":[{\"@type\":\"SearchAction\",\"target\":{\"@type\":\"EntryPoint\",\"urlTemplate\":\"https:\/\/smart-pro.org\/en\/?s={search_term_string}\"},\"query-input\":{\"@type\":\"PropertyValueSpecification\",\"valueRequired\":true,\"valueName\":\"search_term_string\"}}],\"inLanguage\":\"en-GB\"},{\"@type\":\"Person\",\"@id\":\"https:\/\/smart-pro.org\/en\/#\/schema\/person\/f88d179124646b04919b9900a0f9c690\",\"name\":\"Anna Frank\",\"image\":{\"@type\":\"ImageObject\",\"inLanguage\":\"en-GB\",\"@id\":\"https:\/\/smart-pro.org\/en\/#\/schema\/person\/image\/\",\"url\":\"https:\/\/secure.gravatar.com\/avatar\/fe0c392fdee23b592c0289014e9ea023?s=96&d=mm&r=g\",\"contentUrl\":\"https:\/\/secure.gravatar.com\/avatar\/fe0c392fdee23b592c0289014e9ea023?s=96&d=mm&r=g\",\"caption\":\"Anna Frank\"},\"url\":\"https:\/\/smart-pro.org\/en\/blog\/author\/anna_frank\/\"}]}<\/script>\n<!-- \/ Yoast SEO plugin. -->","yoast_head_json":{"title":"Neues Nanoimprint-Lithographie-System einsatzbereit - SmartPro \u2013 Key to Smart Products","robots":{"index":"index","follow":"follow","max-snippet":"max-snippet:-1","max-image-preview":"max-image-preview:large","max-video-preview":"max-video-preview:-1"},"canonical":"https:\/\/smart-pro.org\/en\/blog\/2021\/07\/14\/neues-nanoimprint-litographie-system-einsatzbereit\/","og_locale":"en_GB","og_type":"article","og_title":"Neues Nanoimprint-Lithographie-System einsatzbereit - SmartPro \u2013 Key to Smart Products","og_description":"Zentrum f\u00fcr Optische Technologien erh\u00e4lt gef\u00f6rderte Anlage, von der auch die Forschung im SmartPro-Netzwerk profitiert.","og_url":"https:\/\/smart-pro.org\/en\/blog\/2021\/07\/14\/neues-nanoimprint-litographie-system-einsatzbereit\/","og_site_name":"SmartPro \u2013 Key to Smart Products","article_published_time":"2021-07-14T12:30:39+00:00","article_modified_time":"2022-01-12T13:44:47+00:00","og_image":[{"width":1350,"height":900,"url":"https:\/\/smart-pro.org\/en\/wp-content\/uploads\/sites\/2\/2022\/01\/DSC_6751_kleiner_quer_red.jpg","type":"image\/jpeg"}],"author":"Anna Frank","twitter_card":"summary_large_image","twitter_misc":{"Written by":"Anna Frank","Estimated reading time":"2 minutes"},"schema":{"@context":"https:\/\/schema.org","@graph":[{"@type":"WebPage","@id":"https:\/\/smart-pro.org\/en\/blog\/2021\/07\/14\/neues-nanoimprint-litographie-system-einsatzbereit\/","url":"https:\/\/smart-pro.org\/en\/blog\/2021\/07\/14\/neues-nanoimprint-litographie-system-einsatzbereit\/","name":"Neues Nanoimprint-Lithographie-System einsatzbereit - SmartPro \u2013 Key to Smart Products","isPartOf":{"@id":"https:\/\/smart-pro.org\/en\/#website"},"primaryImageOfPage":{"@id":"https:\/\/smart-pro.org\/en\/blog\/2021\/07\/14\/neues-nanoimprint-litographie-system-einsatzbereit\/#primaryimage"},"image":{"@id":"https:\/\/smart-pro.org\/en\/blog\/2021\/07\/14\/neues-nanoimprint-litographie-system-einsatzbereit\/#primaryimage"},"thumbnailUrl":"https:\/\/smart-pro.org\/en\/wp-content\/uploads\/sites\/2\/2022\/01\/DSC_6751_kleiner_quer_red.jpg","datePublished":"2021-07-14T12:30:39+00:00","dateModified":"2022-01-12T13:44:47+00:00","author":{"@id":"https:\/\/smart-pro.org\/en\/#\/schema\/person\/f88d179124646b04919b9900a0f9c690"},"breadcrumb":{"@id":"https:\/\/smart-pro.org\/en\/blog\/2021\/07\/14\/neues-nanoimprint-litographie-system-einsatzbereit\/#breadcrumb"},"inLanguage":"en-GB","potentialAction":[{"@type":"ReadAction","target":["https:\/\/smart-pro.org\/en\/blog\/2021\/07\/14\/neues-nanoimprint-litographie-system-einsatzbereit\/"]}]},{"@type":"ImageObject","inLanguage":"en-GB","@id":"https:\/\/smart-pro.org\/en\/blog\/2021\/07\/14\/neues-nanoimprint-litographie-system-einsatzbereit\/#primaryimage","url":"https:\/\/smart-pro.org\/en\/wp-content\/uploads\/sites\/2\/2022\/01\/DSC_6751_kleiner_quer_red.jpg","contentUrl":"https:\/\/smart-pro.org\/en\/wp-content\/uploads\/sites\/2\/2022\/01\/DSC_6751_kleiner_quer_red.jpg","width":1350,"height":900},{"@type":"BreadcrumbList","@id":"https:\/\/smart-pro.org\/en\/blog\/2021\/07\/14\/neues-nanoimprint-litographie-system-einsatzbereit\/#breadcrumb","itemListElement":[{"@type":"ListItem","position":1,"name":"Home","item":"https:\/\/smart-pro.org\/en\/"},{"@type":"ListItem","position":2,"name":"Neues Nanoimprint-Lithographie-System einsatzbereit"}]},{"@type":"WebSite","@id":"https:\/\/smart-pro.org\/en\/#website","url":"https:\/\/smart-pro.org\/en\/","name":"SmartPro \u2013 Key to Smart Products","description":"Klimaschutz durch Energie- und Ressourceneffizienz","potentialAction":[{"@type":"SearchAction","target":{"@type":"EntryPoint","urlTemplate":"https:\/\/smart-pro.org\/en\/?s={search_term_string}"},"query-input":{"@type":"PropertyValueSpecification","valueRequired":true,"valueName":"search_term_string"}}],"inLanguage":"en-GB"},{"@type":"Person","@id":"https:\/\/smart-pro.org\/en\/#\/schema\/person\/f88d179124646b04919b9900a0f9c690","name":"Anna Frank","image":{"@type":"ImageObject","inLanguage":"en-GB","@id":"https:\/\/smart-pro.org\/en\/#\/schema\/person\/image\/","url":"https:\/\/secure.gravatar.com\/avatar\/fe0c392fdee23b592c0289014e9ea023?s=96&d=mm&r=g","contentUrl":"https:\/\/secure.gravatar.com\/avatar\/fe0c392fdee23b592c0289014e9ea023?s=96&d=mm&r=g","caption":"Anna Frank"},"url":"https:\/\/smart-pro.org\/en\/blog\/author\/anna_frank\/"}]}},"_links":{"self":[{"href":"https:\/\/smart-pro.org\/en\/wp-json\/wp\/v2\/posts\/8985","targetHints":{"allow":["GET"]}}],"collection":[{"href":"https:\/\/smart-pro.org\/en\/wp-json\/wp\/v2\/posts"}],"about":[{"href":"https:\/\/smart-pro.org\/en\/wp-json\/wp\/v2\/types\/post"}],"author":[{"embeddable":true,"href":"https:\/\/smart-pro.org\/en\/wp-json\/wp\/v2\/users\/5"}],"replies":[{"embeddable":true,"href":"https:\/\/smart-pro.org\/en\/wp-json\/wp\/v2\/comments?post=8985"}],"version-history":[{"count":7,"href":"https:\/\/smart-pro.org\/en\/wp-json\/wp\/v2\/posts\/8985\/revisions"}],"predecessor-version":[{"id":8995,"href":"https:\/\/smart-pro.org\/en\/wp-json\/wp\/v2\/posts\/8985\/revisions\/8995"}],"wp:featuredmedia":[{"embeddable":true,"href":"https:\/\/smart-pro.org\/en\/wp-json\/wp\/v2\/media\/8987"}],"wp:attachment":[{"href":"https:\/\/smart-pro.org\/en\/wp-json\/wp\/v2\/media?parent=8985"}],"wp:term":[{"taxonomy":"category","embeddable":true,"href":"https:\/\/smart-pro.org\/en\/wp-json\/wp\/v2\/categories?post=8985"},{"taxonomy":"post_tag","embeddable":true,"href":"https:\/\/smart-pro.org\/en\/wp-json\/wp\/v2\/tags?post=8985"}],"curies":[{"name":"wp","href":"https:\/\/api.w.org\/{rel}","templated":true}]}}