{"id":9383,"date":"2022-06-01T15:00:51","date_gmt":"2022-06-01T13:00:51","guid":{"rendered":"https:\/\/smart-pro.org\/en\/2022\/06\/01\/tag-der-offenen-tuer-mai-2022-copy\/"},"modified":"2022-07-28T19:18:54","modified_gmt":"2022-07-28T17:18:54","slug":"deutschland-braucht-eine-starke-forschung","status":"publish","type":"post","link":"https:\/\/smart-pro.org\/en\/blog\/2022\/06\/01\/deutschland-braucht-eine-starke-forschung\/","title":{"rendered":"\u201eDeutschland braucht eine starke Forschung\u201c"},"content":{"rendered":"<p>[et_pb_section fb_built=&#8221;1&#8243; _builder_version=&#8221;4.16&#8243; global_colors_info=&#8221;{}&#8221;][et_pb_row _builder_version=&#8221;4.16&#8243; background_size=&#8221;initial&#8221; background_position=&#8221;top_left&#8221; background_repeat=&#8221;repeat&#8221; custom_margin=&#8221;0px|auto|0px|auto|false|false&#8221; custom_padding=&#8221;0px|0px|0px|0px|false|false&#8221; global_colors_info=&#8221;{}&#8221;][et_pb_column type=&#8221;4_4&#8243; _builder_version=&#8221;4.16&#8243; custom_padding=&#8221;|||&#8221; global_colors_info=&#8221;{}&#8221; custom_padding__hover=&#8221;|||&#8221;][et_pb_text _builder_version=&#8221;4.16&#8243; background_size=&#8221;initial&#8221; background_position=&#8221;top_left&#8221; background_repeat=&#8221;repeat&#8221; global_colors_info=&#8221;{}&#8221;]<\/p>\n<p class=\"PMVorspann\"><strong>\u201eForschung ist Fortsetzung der Neugier mit anderen Mitteln\u201c, hat der deutsche Chemiker Hans-J\u00fcrgen Quadbeck-Seeger einmal gesagt. Erkenntnisse gewinnen, Ideen ausprobieren, Neuland betreten \u2013 das treibt auch <a href=\"\/netzwerk\/forschende\/#volker-knoblauch\">Prof. Dr. Volker Knoblauch<\/a> an. \u201eForschung macht einfach gro\u00dfen Spa\u00df \u2013 und ist essenziell f\u00fcr unsere Gesellschaft und den Technologiestandort Deutschland\u201c, sagt der Professor f\u00fcr Werkstofftechnik an der Hochschule Aalen. Seine Neugier gilt aber nicht nur seinen eigenen Forschungsfeldern wie den innovativen Batterietechnologien und dem Leichtbau. Seit kurzem engagiert er sich auch als neuer Prorektor f\u00fcr Forschung f\u00fcr eine weitere Verbesserung der Forschungsbedingungen an der Hochschule Aalen.<\/strong><o:p><\/o:p><\/p>\n<p class=\"PMStandard\">Mit der k\u00fcrzlichen Neuwahl des Prorektorats der Hochschule wurde auch explizit das Ressort Forschung im Rektorat verankert. \u201eSeit vielen Jahren ist die Hochschule Aalen deutschlandweit eine der forschungsst\u00e4rksten Hochschulen f\u00fcr Angewandte Wissenschaften (HAW). Wir haben hier eine tolle Forschungsinfrastruktur, und diese m\u00f6chten wir mit den neuen Prorektorat Forschung auch entsprechend w\u00fcrdigen und st\u00e4rken\u201c, betont Rektor <a href=\"\/netzwerk\/forschende\/#harald-riegel\">Prof. Dr. Harald Riegel<\/a><o:p><\/o:p><\/p>\n<h5 class=\"PMUntertitel\">\u201ePromovierenden sind der Treibstoff der Forschung\u201c<o:p><\/o:p><\/h5>\n<p class=\"PMStandard\">Als Prorektor f\u00fcr Forschung setzt sich Knoblauch unter anderem f\u00fcr die Aktivit\u00e4ten in den neuen Forschungsgeb\u00e4uden ZiMATE und ZTN und im Baden-W\u00fcrttemberg Center of Applied Research (BW-CAR) \u2013 dem Netzwerk forschungsstarker Professorinnen und Professoren aus den Hochschulen f\u00fcr Angewandte Wissenschaften (HAW) \u2013 ein. Engagieren m\u00f6chte sich der 51-j\u00e4hrige Familienvater und begeisterter Skifahrer auch f\u00fcr das derzeit noch fehlende Promotionsrecht der HAWen. \u201eDie Promovierenden sind sozusagen der Treibstoff, ohne sie gibt es keine Forschung\u201c, sagt der Materialwissenschaftler und f\u00fcgt hinzu: \u201eEntscheidend ist die Qualit\u00e4t der Forschung. Und dann spielt es keine Rolle, ob ich an einer HAW oder einer Universit\u00e4t forsche.\u201c Zumal ein Promotionsrecht auch die Attraktivit\u00e4t der HAWen f\u00fcr potenzielle Bewerberinnen und Bewerber auf eine Professur erh\u00f6he, so Knoblauch. Ein gro\u00dfes Anliegen ist ihm auch die Verstetigung der SmartPro-Innovationspartnerschaft, in der die Hochschule Aalen mit \u00fcber 60 Partnern aus Wirtschaft und Wissenschaft an smarten Materialien und intelligenten Technologien f\u00fcr zukunftsf\u00e4hige Produkte forscht, die besonders energieeffizient sind. \u201eDieses vom Bundesministerium f\u00fcr Bildung und Forschung gef\u00f6rderte Leuchtturmprojekt m\u00f6chten wir in eine dauerhafte Forschungspartnerschaft \u00fcberf\u00fchren, die sich selbst tr\u00e4gt\u201c, betont Knoblauch.<o:p><\/o:p><\/p>\n<h5 class=\"PMUntertitel\">Forschungspreis der Hochschule Aalen<o:p><\/o:p><\/h5>\n<p class=\"PMStandard\">F\u00fcr sein neues Amt als Forschungsprorektor ist Knoblauch bestens ger\u00fcstet. Seit 2010 lehrt er an der Hochschule Aalen und hatte ma\u00dfgeblichen Anteil am Aufbau des Instituts f\u00fcr Materialforschung (IMFAA) und der Einwerbung der neuen Forschungsgeb\u00e4ude ZiMATE und ZTN. Im Bereich der Lehre entwickelte er den Forschungsmaster \u201eAdvanced Materials and Manufacturing\u201c mit und leitete diesen bis zuletzt als Studiendekan. Studierenden wird damit der Einstieg in die angewandte Forschung durch Einbindung in aktuelle Projekte erm\u00f6glicht. 2015 wurde Knoblauch f\u00fcr sein gro\u00dfes Engagement mit dem Forschungspreis der Hochschule Aalen ausgezeichnet.<o:p><\/o:p><\/p>\n<h5 class=\"PMUntertitel\">Interdisziplin\u00e4rer Ansatz<o:p><\/o:p><\/h5>\n<p class=\"PMStandard\">Im Fokus seiner Forschung stehen Lithium-Ionen-Batterien und Leichtbauwerkstoffe. \u201eDas sind sehr komplexe Themen, bei denen es noch viele offene Fragen gibt, was f\u00fcr Forschende nat\u00fcrlich absolut reizvoll ist. Gerade bei der Energiespeichertechnik gibt es eine unheimlich gro\u00dfe Dynamik\u201c, schw\u00e4rmt Knoblauch. Als Wissenschaftler ist ihm auch ein interdisziplin\u00e4rer Ansatz wichtig. \u201eBei den dr\u00e4ngenden Herausforderungen unserer Gesellschaft wird niemandem alleine der gro\u00dfe Durchbruch gelingen, das k\u00f6nnen wir nur gemeinsam schaffen\u201c, sagt Knoblauch im Hinblick auf Klimawandel und schwindende Ressourcen. Das m\u00f6chte er auch seinen Studierenden mitgeben. \u201eStets offen zu sein f\u00fcr andere Disziplinen und seine eigenen Ergebnisse kritisch zu hinterfragen \u2013 das ist ganz wichtig. Mit neuem Input von au\u00dfen kommt man auch in der eigenen Sache weiter.\u201c Dass er einmal als Professor f\u00fcr Werkstoffkunde die vielf\u00e4ltige Welt der Materialwissenschaften lehren w\u00fcrde, das stand bei ihm nicht von vornherein fest.<o:p><\/o:p><\/p>\n<h5 class=\"PMUntertitel\">Eintauchen in die Werkstoffkunde<o:p><\/o:p><\/h5>\n<p class=\"PMStandard\">Nach seinem Abitur, das er in G\u00f6ppingen ablegte, entschied sich Knoblauch n\u00e4mlich zun\u00e4chst f\u00fcr ein Studium des Chemieingenieurwesens am heutigen Karlsruher Institut f\u00fcr Technologie (KIT). Nach dem Vordiplom wechselte er nach Aalen, um hier tiefer in die Werkstoffkunde einzutauchen. \u201eMaterialien zu entwickeln, die ganz spezifische Eigenschaften zum Nutzen f\u00fcr Mensch und Umwelt haben, das hat f\u00fcr mich als berufliches Ziel einen gr\u00f6\u00dferen Sinn ergeben\u201c, sagt Knoblauch. Er promovierte am Institut f\u00fcr Hochleistungskeramik der Technischen Universit\u00e4t Hamburg-Harburg und arbeitete anschlie\u00dfend zehn Jahre f\u00fcr die Robert Bosch GmbH, zun\u00e4chst in der Werkstoffforschung, sp\u00e4ter im Technologiemanagement der Bosch Rexroth AG.<o:p><\/o:p><\/p>\n<h5 class=\"PMUntertitel\">Forschungsfreundliches Umfeld<o:p><\/o:p><\/h5>\n<p class=\"PMStandard\">Als Knoblauch schlie\u00dflich einen Ruf auf eine Professur an der Hochschule Aalen erhielt \u2013 die er zwischenzeitlich auch als langj\u00e4hriger Lehrbeauftragter und aus gemeinsamen Forschungsprojekten kannte \u2013, musste er nicht lange \u00fcberlegen. \u201eSchon damals war die Hochschule Aalen eine der ersten Adressen. Hier kann man Lehre und Forschung perfekt verbinden. Dieses forschungsfreundliche Umfeld weiter zu st\u00e4rken, daf\u00fcr m\u00f6chte ich mich als Prorektor f\u00fcr Forschung mit Leidenschaft einsetzen\u201c, betont Knoblauch. Denn eines sei klar: \u201eEin Technologiestandort wie Deutschland braucht eine starke Forschung. Gerade im Hinblick auf Energieversorgung und Klimaschutz wird es mit Einschr\u00e4nkungen allein nicht gehen. Langfristig brauchen wir neue Technologien, die ressourcen- und energieschonend sind, um unseren Lebensstandard zu halten. Und wir als Hochschule Aalen tragen unseren Teil dazu bei.\u201c<o:p><\/o:p><\/p>\n<p>[\/et_pb_text][et_pb_divider color=&#8221;#000000&#8243; divider_position=&#8221;center&#8221; divider_weight=&#8221;3px&#8221; _builder_version=&#8221;4.16&#8243; _module_preset=&#8221;default&#8221; width=&#8221;35%&#8221; module_alignment=&#8221;center&#8221; global_colors_info=&#8221;{}&#8221;][\/et_pb_divider][et_pb_text _builder_version=&#8221;4.16&#8243; background_size=&#8221;initial&#8221; background_position=&#8221;top_left&#8221; background_repeat=&#8221;repeat&#8221; custom_padding=&#8221;0px|||0px|false|false&#8221; global_colors_info=&#8221;{}&#8221;]<\/p>\n<p><strong>Fotohinweis:\u00a0<\/strong>Prof. Dr. Volker Knoblauch ist neuer Prorektor f\u00fcr Forschung an der Hochschule Aalen. Der Materialwissenschaftler \u2013 hier mit seiner Mitarbeiterin Estefane Barbosasa \u2013 forscht an innovativen Batterietechnologien und engagiert sich f\u00fcr eine weitere Verbesserung der Forschungsbedingungen an der Hochschule |\u00a0<o:p><\/o:p><strong><\/strong>\u00a9 Hochschule Aalen | Anna Frank<\/p>\n<p>[\/et_pb_text][\/et_pb_column][\/et_pb_row][\/et_pb_section]<\/p>\n","protected":false},"excerpt":{"rendered":"<p>Als neuer Prorektor der Hochschule Aalen setzt sich Prof. Dr. Volker Knoblauch f\u00fcr eine weitere Verbesserung der Forschungsbedingungen ein<\/p>\n","protected":false},"author":5,"featured_media":9388,"comment_status":"open","ping_status":"closed","sticky":false,"template":"","format":"standard","meta":{"_acf_changed":false,"_et_pb_use_builder":"on","_et_pb_old_content":"<em>Technologietag Leichtbau Regional in Schw\u00e4bisch Gm\u00fcnd<\/em>\r\n\r\n<strong class=\"date\">Fr, 26. Oktober 2018<\/strong>\u00a0<span class=\"gray\">\u2192<\/span>\u00a0Wie wichtig der Technologietag Leichtbau Regional als lokale Veranstaltung neben einer zentralen Konferenz in Stuttgart sei, betonte Dr. Wolfgang Seeliger, Gesch\u00e4ftsf\u00fchrer der Landesagentur Leichtbau BW, in seiner Begr\u00fc\u00dfung. Das Thema Leichtbau m\u00fcsse in die Fl\u00e4che getragen werden, um das gro\u00dfe Potential f\u00fcr die Herausforderungen der Zukunft wie den Klimawandel auszusch\u00f6pfen und Wettbewerbsf\u00e4higkeit und Wohlstand in der Region zu sichern.\r\n\r\n[caption id=\"attachment_1022\" align=\"alignnone\" width=\"768\"]<img class=\"wp-image-1022 size-large\" src=\"https:\/\/smart-pro.org\/en\/wp-content\/uploads\/sites\/2\/2018\/10\/181026_PM_Technologietag_Leichtbau_Regional_FotoKristinaLakomek-e1545054488606-768x1024.jpg\" alt=\"\" width=\"768\" height=\"1024\"> Hintere Reihe: Wolfgang Stoll, Prof. Dr. Markus Merkel\/HSA, Dr. Wolfgang Seeliger \/ Leichtbau BW; mittlere Reihe: J\u00f6rg Egelhaaf, Peter Schmidt\/IHK, vorne: Sarah W\u00f6rz\/IHK, Jan Grasmannsdorf, Dr. Wolfgang Rimkus\/HSA, Julian Schlosser\/HSA).[\/caption]\r\n\r\nBildnachweis\/Quelle:","_et_gb_content_width":"","iawp_total_views":0,"footnotes":""},"categories":[239,236,237,238,240,20],"tags":[197,258,64,269,25,23,47,82,89,287,22,168],"class_list":["post-9383","post","type-post","status-publish","format-standard","has-post-thumbnail","hentry","category-additive-manufacturing","category-energy-converter","category-energy-storage","category-lightweight-construction","category-machine-learning","category-news","tag-angewandte-forschung","tag-batteriematerialien","tag-batterietechnologien","tag-energiespeicher","tag-forschung","tag-hochschule-aalen","tag-imfaa","tag-institut-fuer-materialforschung","tag-leichtbau","tag-materialwissenschaft","tag-smartpro","tag-wissenschaft"],"acf":[],"yoast_head":"<!-- This site is optimized with the Yoast SEO plugin v25.8 - https:\/\/yoast.com\/wordpress\/plugins\/seo\/ -->\n<title>\u201eDeutschland braucht eine starke Forschung\u201c - SmartPro \u2013 Key to Smart Products<\/title>\n<meta name=\"robots\" content=\"index, follow, max-snippet:-1, max-image-preview:large, max-video-preview:-1\" \/>\n<link rel=\"canonical\" href=\"https:\/\/smart-pro.org\/en\/blog\/2022\/06\/01\/deutschland-braucht-eine-starke-forschung\/\" \/>\n<meta property=\"og:locale\" content=\"en_GB\" \/>\n<meta property=\"og:type\" content=\"article\" \/>\n<meta property=\"og:title\" content=\"\u201eDeutschland braucht eine starke Forschung\u201c - SmartPro \u2013 Key to Smart Products\" \/>\n<meta property=\"og:description\" content=\"Als neuer Prorektor der Hochschule Aalen setzt sich Prof. Dr. Volker Knoblauch f\u00fcr eine weitere Verbesserung der Forschungsbedingungen ein\" \/>\n<meta property=\"og:url\" content=\"https:\/\/smart-pro.org\/en\/blog\/2022\/06\/01\/deutschland-braucht-eine-starke-forschung\/\" \/>\n<meta property=\"og:site_name\" content=\"SmartPro \u2013 Key to Smart Products\" \/>\n<meta property=\"article:published_time\" content=\"2022-06-01T13:00:51+00:00\" \/>\n<meta property=\"article:modified_time\" content=\"2022-07-28T17:18:54+00:00\" \/>\n<meta property=\"og:image\" content=\"https:\/\/smart-pro.org\/en\/wp-content\/uploads\/sites\/2\/2022\/06\/DSC482_website.jpg\" \/>\n\t<meta property=\"og:image:width\" content=\"1920\" \/>\n\t<meta property=\"og:image:height\" content=\"1272\" \/>\n\t<meta property=\"og:image:type\" content=\"image\/jpeg\" \/>\n<meta name=\"author\" content=\"Anna Frank\" \/>\n<meta name=\"twitter:card\" content=\"summary_large_image\" \/>\n<meta name=\"twitter:label1\" content=\"Written by\" \/>\n\t<meta name=\"twitter:data1\" content=\"Anna Frank\" \/>\n\t<meta name=\"twitter:label2\" content=\"Estimated reading time\" \/>\n\t<meta name=\"twitter:data2\" content=\"5 minutes\" \/>\n<script type=\"application\/ld+json\" class=\"yoast-schema-graph\">{\"@context\":\"https:\/\/schema.org\",\"@graph\":[{\"@type\":\"WebPage\",\"@id\":\"https:\/\/smart-pro.org\/en\/blog\/2022\/06\/01\/deutschland-braucht-eine-starke-forschung\/\",\"url\":\"https:\/\/smart-pro.org\/en\/blog\/2022\/06\/01\/deutschland-braucht-eine-starke-forschung\/\",\"name\":\"\u201eDeutschland braucht eine starke Forschung\u201c - SmartPro \u2013 Key to Smart Products\",\"isPartOf\":{\"@id\":\"https:\/\/smart-pro.org\/en\/#website\"},\"primaryImageOfPage\":{\"@id\":\"https:\/\/smart-pro.org\/en\/blog\/2022\/06\/01\/deutschland-braucht-eine-starke-forschung\/#primaryimage\"},\"image\":{\"@id\":\"https:\/\/smart-pro.org\/en\/blog\/2022\/06\/01\/deutschland-braucht-eine-starke-forschung\/#primaryimage\"},\"thumbnailUrl\":\"https:\/\/smart-pro.org\/en\/wp-content\/uploads\/sites\/2\/2022\/06\/DSC482_website.jpg\",\"datePublished\":\"2022-06-01T13:00:51+00:00\",\"dateModified\":\"2022-07-28T17:18:54+00:00\",\"author\":{\"@id\":\"https:\/\/smart-pro.org\/en\/#\/schema\/person\/f88d179124646b04919b9900a0f9c690\"},\"breadcrumb\":{\"@id\":\"https:\/\/smart-pro.org\/en\/blog\/2022\/06\/01\/deutschland-braucht-eine-starke-forschung\/#breadcrumb\"},\"inLanguage\":\"en-GB\",\"potentialAction\":[{\"@type\":\"ReadAction\",\"target\":[\"https:\/\/smart-pro.org\/en\/blog\/2022\/06\/01\/deutschland-braucht-eine-starke-forschung\/\"]}]},{\"@type\":\"ImageObject\",\"inLanguage\":\"en-GB\",\"@id\":\"https:\/\/smart-pro.org\/en\/blog\/2022\/06\/01\/deutschland-braucht-eine-starke-forschung\/#primaryimage\",\"url\":\"https:\/\/smart-pro.org\/en\/wp-content\/uploads\/sites\/2\/2022\/06\/DSC482_website.jpg\",\"contentUrl\":\"https:\/\/smart-pro.org\/en\/wp-content\/uploads\/sites\/2\/2022\/06\/DSC482_website.jpg\",\"width\":1920,\"height\":1272,\"caption\":\"Prof. Dr. Volker Knoblauch ist neuer Prorektor Forschung\"},{\"@type\":\"BreadcrumbList\",\"@id\":\"https:\/\/smart-pro.org\/en\/blog\/2022\/06\/01\/deutschland-braucht-eine-starke-forschung\/#breadcrumb\",\"itemListElement\":[{\"@type\":\"ListItem\",\"position\":1,\"name\":\"Home\",\"item\":\"https:\/\/smart-pro.org\/en\/\"},{\"@type\":\"ListItem\",\"position\":2,\"name\":\"\u201eDeutschland braucht eine starke Forschung\u201c\"}]},{\"@type\":\"WebSite\",\"@id\":\"https:\/\/smart-pro.org\/en\/#website\",\"url\":\"https:\/\/smart-pro.org\/en\/\",\"name\":\"SmartPro \u2013 Key to Smart Products\",\"description\":\"Klimaschutz durch Energie- und Ressourceneffizienz\",\"potentialAction\":[{\"@type\":\"SearchAction\",\"target\":{\"@type\":\"EntryPoint\",\"urlTemplate\":\"https:\/\/smart-pro.org\/en\/?s={search_term_string}\"},\"query-input\":{\"@type\":\"PropertyValueSpecification\",\"valueRequired\":true,\"valueName\":\"search_term_string\"}}],\"inLanguage\":\"en-GB\"},{\"@type\":\"Person\",\"@id\":\"https:\/\/smart-pro.org\/en\/#\/schema\/person\/f88d179124646b04919b9900a0f9c690\",\"name\":\"Anna Frank\",\"image\":{\"@type\":\"ImageObject\",\"inLanguage\":\"en-GB\",\"@id\":\"https:\/\/smart-pro.org\/en\/#\/schema\/person\/image\/\",\"url\":\"https:\/\/secure.gravatar.com\/avatar\/fe0c392fdee23b592c0289014e9ea023?s=96&d=mm&r=g\",\"contentUrl\":\"https:\/\/secure.gravatar.com\/avatar\/fe0c392fdee23b592c0289014e9ea023?s=96&d=mm&r=g\",\"caption\":\"Anna Frank\"},\"url\":\"https:\/\/smart-pro.org\/en\/blog\/author\/anna_frank\/\"}]}<\/script>\n<!-- \/ Yoast SEO plugin. -->","yoast_head_json":{"title":"\u201eDeutschland braucht eine starke Forschung\u201c - SmartPro \u2013 Key to Smart Products","robots":{"index":"index","follow":"follow","max-snippet":"max-snippet:-1","max-image-preview":"max-image-preview:large","max-video-preview":"max-video-preview:-1"},"canonical":"https:\/\/smart-pro.org\/en\/blog\/2022\/06\/01\/deutschland-braucht-eine-starke-forschung\/","og_locale":"en_GB","og_type":"article","og_title":"\u201eDeutschland braucht eine starke Forschung\u201c - SmartPro \u2013 Key to Smart Products","og_description":"Als neuer Prorektor der Hochschule Aalen setzt sich Prof. Dr. Volker Knoblauch f\u00fcr eine weitere Verbesserung der Forschungsbedingungen ein","og_url":"https:\/\/smart-pro.org\/en\/blog\/2022\/06\/01\/deutschland-braucht-eine-starke-forschung\/","og_site_name":"SmartPro \u2013 Key to Smart Products","article_published_time":"2022-06-01T13:00:51+00:00","article_modified_time":"2022-07-28T17:18:54+00:00","og_image":[{"width":1920,"height":1272,"url":"https:\/\/smart-pro.org\/en\/wp-content\/uploads\/sites\/2\/2022\/06\/DSC482_website.jpg","type":"image\/jpeg"}],"author":"Anna Frank","twitter_card":"summary_large_image","twitter_misc":{"Written by":"Anna Frank","Estimated reading time":"5 minutes"},"schema":{"@context":"https:\/\/schema.org","@graph":[{"@type":"WebPage","@id":"https:\/\/smart-pro.org\/en\/blog\/2022\/06\/01\/deutschland-braucht-eine-starke-forschung\/","url":"https:\/\/smart-pro.org\/en\/blog\/2022\/06\/01\/deutschland-braucht-eine-starke-forschung\/","name":"\u201eDeutschland braucht eine starke Forschung\u201c - SmartPro \u2013 Key to Smart Products","isPartOf":{"@id":"https:\/\/smart-pro.org\/en\/#website"},"primaryImageOfPage":{"@id":"https:\/\/smart-pro.org\/en\/blog\/2022\/06\/01\/deutschland-braucht-eine-starke-forschung\/#primaryimage"},"image":{"@id":"https:\/\/smart-pro.org\/en\/blog\/2022\/06\/01\/deutschland-braucht-eine-starke-forschung\/#primaryimage"},"thumbnailUrl":"https:\/\/smart-pro.org\/en\/wp-content\/uploads\/sites\/2\/2022\/06\/DSC482_website.jpg","datePublished":"2022-06-01T13:00:51+00:00","dateModified":"2022-07-28T17:18:54+00:00","author":{"@id":"https:\/\/smart-pro.org\/en\/#\/schema\/person\/f88d179124646b04919b9900a0f9c690"},"breadcrumb":{"@id":"https:\/\/smart-pro.org\/en\/blog\/2022\/06\/01\/deutschland-braucht-eine-starke-forschung\/#breadcrumb"},"inLanguage":"en-GB","potentialAction":[{"@type":"ReadAction","target":["https:\/\/smart-pro.org\/en\/blog\/2022\/06\/01\/deutschland-braucht-eine-starke-forschung\/"]}]},{"@type":"ImageObject","inLanguage":"en-GB","@id":"https:\/\/smart-pro.org\/en\/blog\/2022\/06\/01\/deutschland-braucht-eine-starke-forschung\/#primaryimage","url":"https:\/\/smart-pro.org\/en\/wp-content\/uploads\/sites\/2\/2022\/06\/DSC482_website.jpg","contentUrl":"https:\/\/smart-pro.org\/en\/wp-content\/uploads\/sites\/2\/2022\/06\/DSC482_website.jpg","width":1920,"height":1272,"caption":"Prof. Dr. Volker Knoblauch ist neuer Prorektor Forschung"},{"@type":"BreadcrumbList","@id":"https:\/\/smart-pro.org\/en\/blog\/2022\/06\/01\/deutschland-braucht-eine-starke-forschung\/#breadcrumb","itemListElement":[{"@type":"ListItem","position":1,"name":"Home","item":"https:\/\/smart-pro.org\/en\/"},{"@type":"ListItem","position":2,"name":"\u201eDeutschland braucht eine starke Forschung\u201c"}]},{"@type":"WebSite","@id":"https:\/\/smart-pro.org\/en\/#website","url":"https:\/\/smart-pro.org\/en\/","name":"SmartPro \u2013 Key to Smart Products","description":"Klimaschutz durch Energie- und Ressourceneffizienz","potentialAction":[{"@type":"SearchAction","target":{"@type":"EntryPoint","urlTemplate":"https:\/\/smart-pro.org\/en\/?s={search_term_string}"},"query-input":{"@type":"PropertyValueSpecification","valueRequired":true,"valueName":"search_term_string"}}],"inLanguage":"en-GB"},{"@type":"Person","@id":"https:\/\/smart-pro.org\/en\/#\/schema\/person\/f88d179124646b04919b9900a0f9c690","name":"Anna Frank","image":{"@type":"ImageObject","inLanguage":"en-GB","@id":"https:\/\/smart-pro.org\/en\/#\/schema\/person\/image\/","url":"https:\/\/secure.gravatar.com\/avatar\/fe0c392fdee23b592c0289014e9ea023?s=96&d=mm&r=g","contentUrl":"https:\/\/secure.gravatar.com\/avatar\/fe0c392fdee23b592c0289014e9ea023?s=96&d=mm&r=g","caption":"Anna Frank"},"url":"https:\/\/smart-pro.org\/en\/blog\/author\/anna_frank\/"}]}},"_links":{"self":[{"href":"https:\/\/smart-pro.org\/en\/wp-json\/wp\/v2\/posts\/9383","targetHints":{"allow":["GET"]}}],"collection":[{"href":"https:\/\/smart-pro.org\/en\/wp-json\/wp\/v2\/posts"}],"about":[{"href":"https:\/\/smart-pro.org\/en\/wp-json\/wp\/v2\/types\/post"}],"author":[{"embeddable":true,"href":"https:\/\/smart-pro.org\/en\/wp-json\/wp\/v2\/users\/5"}],"replies":[{"embeddable":true,"href":"https:\/\/smart-pro.org\/en\/wp-json\/wp\/v2\/comments?post=9383"}],"version-history":[{"count":7,"href":"https:\/\/smart-pro.org\/en\/wp-json\/wp\/v2\/posts\/9383\/revisions"}],"predecessor-version":[{"id":9711,"href":"https:\/\/smart-pro.org\/en\/wp-json\/wp\/v2\/posts\/9383\/revisions\/9711"}],"wp:featuredmedia":[{"embeddable":true,"href":"https:\/\/smart-pro.org\/en\/wp-json\/wp\/v2\/media\/9388"}],"wp:attachment":[{"href":"https:\/\/smart-pro.org\/en\/wp-json\/wp\/v2\/media?parent=9383"}],"wp:term":[{"taxonomy":"category","embeddable":true,"href":"https:\/\/smart-pro.org\/en\/wp-json\/wp\/v2\/categories?post=9383"},{"taxonomy":"post_tag","embeddable":true,"href":"https:\/\/smart-pro.org\/en\/wp-json\/wp\/v2\/tags?post=9383"}],"curies":[{"name":"wp","href":"https:\/\/api.w.org\/{rel}","templated":true}]}}