{"id":9818,"date":"2022-09-06T10:15:04","date_gmt":"2022-09-06T08:15:04","guid":{"rendered":"https:\/\/smart-pro.org\/en\/2022\/08\/17\/smartpro-partnerschaftstreffen-2022-copy\/"},"modified":"2022-10-27T16:04:31","modified_gmt":"2022-10-27T14:04:31","slug":"tueren-auf-maus-2022","status":"publish","type":"post","link":"https:\/\/smart-pro.org\/en\/blog\/2022\/09\/06\/tueren-auf-maus-2022\/","title":{"rendered":"T\u00fcren auf mit der Maus!"},"content":{"rendered":"<p>[et_pb_section fb_built=&#8221;1&#8243; _builder_version=&#8221;4.16&#8243; global_colors_info=&#8221;{}&#8221;][et_pb_row _builder_version=&#8221;4.16&#8243; background_size=&#8221;initial&#8221; background_position=&#8221;top_left&#8221; background_repeat=&#8221;repeat&#8221; custom_margin=&#8221;0px|auto|0px|auto|false|false&#8221; custom_padding=&#8221;0px|0px|0px|0px|false|false&#8221; global_colors_info=&#8221;{}&#8221;][et_pb_column type=&#8221;4_4&#8243; _builder_version=&#8221;4.16&#8243; custom_padding=&#8221;|||&#8221; global_colors_info=&#8221;{}&#8221; custom_padding__hover=&#8221;|||&#8221;][et_pb_text _builder_version=&#8221;4.17.4&#8243; background_size=&#8221;initial&#8221; background_position=&#8221;top_left&#8221; background_repeat=&#8221;repeat&#8221; global_colors_info=&#8221;{}&#8221;]<\/p>\n<p>\u201eSpannende Verbindungen\u201c ist das Thema des diesj\u00e4hrigen Aktionstages \u201eT\u00fcren auf mit der Maus\u201c am Montag, den 03. Oktober, an dem sich die Hochschule Aalen und das Experimentemuseum explorhino gemeinsam beteiligen. Interessierte Kinder zwischen zehn und zw\u00f6lf Jahren erhalten eine exklusive F\u00fchrung vom SmartPro-Team der Hochschule Aalen durch die neuen Forschungsgeb\u00e4ude und k\u00f6nnen im explorhino selbst experimentieren.<\/p>\n<p>An der Hochschule Aalen werfen die Kinder einen Blick in die modernen Labore der neuen Forschungsgeb\u00e4ude. Dort erfahren sie, woran die Wissenschaftler:innen an der Hochschule forschen, um zum Beispiel verschiedene Materialien miteinander zu verbinden und so Bauteile leichter, aber nicht weniger stabil zu machen. Das ist eine von zahlreichen Herausforderungen, an denen auch die Forschenden des Kooperationsnetzwerkes SmartPro gemeinsam mit \u00fcber 60 regionalen und \u00fcberregionalen Partnern arbeiten. Im Anschluss k\u00f6nnen die Kinder im explorhino in spannenden Experimenten selbst Verbindungen durch W\u00e4rme schaffen.<\/p>\n<p>[\/et_pb_text][et_pb_divider color=&#8221;#000000&#8243; divider_position=&#8221;center&#8221; divider_weight=&#8221;3px&#8221; _builder_version=&#8221;4.16&#8243; _module_preset=&#8221;default&#8221; width=&#8221;35%&#8221; module_alignment=&#8221;center&#8221; global_colors_info=&#8221;{}&#8221;][\/et_pb_divider][et_pb_text _builder_version=&#8221;4.18.0&#8243; background_size=&#8221;initial&#8221; background_position=&#8221;top_left&#8221; background_repeat=&#8221;repeat&#8221; global_colors_info=&#8221;{}&#8221;]<\/p>\n<h5>Wie kann man teilnehmen?<\/h5>\n<p>In zwei Gruppen \u2013 von 10:00-13:00 Uhr oder von 12:00-15:00 Uhr \u00a0\u2013 k\u00f6nnen jeweils zehn Kinder zwischen zehn und zw\u00f6lf Jahren am Aktionstag teilnehmen. <strong>Die Anmeldung unter Nennung der Wunschzeit erfolgt per E-Mail an <a href=\"mailto:SmartPro@hs-aalen.de\">SmartPro@hs-aalen.de<\/a>.<\/strong> Begleitpersonen sind nur in Ausnahmef\u00e4llen vorgesehen. Die weiteren Details erhalten die Teilnehmenden im Anschluss an die Anmeldung.<\/p>\n<p>Allgemeine Informationen zur \u201eT\u00fcren auf\u201c-Aktion, zum Angebot \u201eSpannende Verbindungen\u201c der drei Partner Hochschule Aalen, SmartPro und explorhino \u2013 und zu allen weiteren T\u00fcren, die sich \u00f6ffnen \u2013 gibt es unter <a href=\"https:\/\/www.wdrmaus.de\/extras\/tueren_auf\/index.php5\" target=\"_blank\" rel=\"noopener\">www.wdrmaus.de<\/a>. Alles zum Experimentemuseum explorhino und dem angeschlossenen Sch\u00fclerlabor ist unter <a href=\"http:\/\/www.explorhino.de\">www.explorhino.de<\/a> zu finden.<\/p>\n<p>[\/et_pb_text][et_pb_divider color=&#8221;#000000&#8243; divider_position=&#8221;center&#8221; divider_weight=&#8221;3px&#8221; _builder_version=&#8221;4.16&#8243; _module_preset=&#8221;default&#8221; width=&#8221;35%&#8221; module_alignment=&#8221;center&#8221; global_colors_info=&#8221;{}&#8221;][\/et_pb_divider][et_pb_text _builder_version=&#8221;4.17.4&#8243; background_size=&#8221;initial&#8221; background_position=&#8221;top_left&#8221; background_repeat=&#8221;repeat&#8221; global_colors_info=&#8221;{}&#8221;]<\/p>\n<p><strong>Infos:\u00a0<\/strong>Die Hochschule Aalen z\u00e4hlt zu den forschungsst\u00e4rksten Hochschulen f\u00fcr angewandte Wissenschaften in Deutschland. Mit dem Kooperationsnetzwerk SmartPro, an dem <a href=\"\/netzwerk\/partner\">\u00fcber 60 Partner aus Industrie, Forschung und Transfer<\/a> beteiligt sind, hat die Hochschule ihre Forschung noch st\u00e4rker auf Zukunftsthemen wie Klimaschutz und Ressourcenschonung fokussiert. Das explorhino mit explorhino Science Center und explorhino Sch\u00fclerlabor weckt das fr\u00fche Interesse an den Naturwissenschaften durch spielerischen Zugang. Mehr zum explorhino gibt es unter: <a href=\"http:\/\/www.explorhino.de\" target=\"_blank\" rel=\"noopener\">www.explorhino.de<\/a>.<\/p>\n<p>[\/et_pb_text][et_pb_divider color=&#8221;#000000&#8243; divider_position=&#8221;center&#8221; divider_weight=&#8221;3px&#8221; _builder_version=&#8221;4.16&#8243; _module_preset=&#8221;default&#8221; width=&#8221;35%&#8221; module_alignment=&#8221;center&#8221; global_colors_info=&#8221;{}&#8221;][\/et_pb_divider][et_pb_text _builder_version=&#8221;4.17.4&#8243; background_size=&#8221;initial&#8221; background_position=&#8221;top_left&#8221; background_repeat=&#8221;repeat&#8221; custom_padding=&#8221;0px|||0px|false|false&#8221; global_colors_info=&#8221;{}&#8221;]<\/p>\n<p><strong>Fotohinweis: <\/strong>|\u00a0<strong><\/strong>\u00a9 Hochschule Aalen | SmartPro<\/p>\n<p>[\/et_pb_text][\/et_pb_column][\/et_pb_row][\/et_pb_section]<\/p>\n","protected":false},"excerpt":{"rendered":"<p>Wir \u00f6ffnen T\u00fcren mit der Maus &#8211; dieses Jahr zum Thema &#8220;Spannende Verbindungen&#8221;!<\/p>\n","protected":false},"author":5,"featured_media":9854,"comment_status":"open","ping_status":"closed","sticky":false,"template":"","format":"standard","meta":{"_acf_changed":false,"_et_pb_use_builder":"on","_et_pb_old_content":"<em>Technologietag Leichtbau Regional in Schw\u00e4bisch Gm\u00fcnd<\/em>\r\n\r\n<strong class=\"date\">Fr, 26. Oktober 2018<\/strong>\u00a0<span class=\"gray\">\u2192<\/span>\u00a0Wie wichtig der Technologietag Leichtbau Regional als lokale Veranstaltung neben einer zentralen Konferenz in Stuttgart sei, betonte Dr. Wolfgang Seeliger, Gesch\u00e4ftsf\u00fchrer der Landesagentur Leichtbau BW, in seiner Begr\u00fc\u00dfung. Das Thema Leichtbau m\u00fcsse in die Fl\u00e4che getragen werden, um das gro\u00dfe Potential f\u00fcr die Herausforderungen der Zukunft wie den Klimawandel auszusch\u00f6pfen und Wettbewerbsf\u00e4higkeit und Wohlstand in der Region zu sichern.\r\n\r\n[caption id=\"attachment_1022\" align=\"alignnone\" width=\"768\"]<img class=\"wp-image-1022 size-large\" src=\"https:\/\/smart-pro.org\/en\/wp-content\/uploads\/sites\/2\/2018\/10\/181026_PM_Technologietag_Leichtbau_Regional_FotoKristinaLakomek-e1545054488606-768x1024.jpg\" alt=\"\" width=\"768\" height=\"1024\"> Hintere Reihe: Wolfgang Stoll, Prof. Dr. Markus Merkel\/HSA, Dr. Wolfgang Seeliger \/ Leichtbau BW; mittlere Reihe: J\u00f6rg Egelhaaf, Peter Schmidt\/IHK, vorne: Sarah W\u00f6rz\/IHK, Jan Grasmannsdorf, Dr. Wolfgang Rimkus\/HSA, Julian Schlosser\/HSA).[\/caption]\r\n\r\nBildnachweis\/Quelle:","_et_gb_content_width":"","iawp_total_views":0,"footnotes":""},"categories":[239,21,238],"tags":[90,89,275,287,115,54,289,168],"class_list":["post-9818","post","type-post","status-publish","format-standard","has-post-thumbnail","hentry","category-additive-manufacturing","category-events-dates","category-lightweight-construction","tag-hybrider-leichtbau","tag-leichtbau","tag-leichtbaulegierung","tag-materialwissenschaft","tag-materialwissenschaften","tag-smarte-materialien","tag-verbindungen","tag-wissenschaft"],"acf":[],"yoast_head":"<!-- This site is optimized with the Yoast SEO plugin v25.8 - https:\/\/yoast.com\/wordpress\/plugins\/seo\/ -->\n<title>T\u00fcren auf mit der Maus! - SmartPro \u2013 Key to Smart Products<\/title>\n<meta name=\"robots\" content=\"index, follow, max-snippet:-1, max-image-preview:large, max-video-preview:-1\" \/>\n<link rel=\"canonical\" href=\"https:\/\/smart-pro.org\/en\/blog\/2022\/09\/06\/tueren-auf-maus-2022\/\" \/>\n<meta property=\"og:locale\" content=\"en_GB\" \/>\n<meta property=\"og:type\" content=\"article\" \/>\n<meta property=\"og:title\" content=\"T\u00fcren auf mit der Maus! - SmartPro \u2013 Key to Smart Products\" \/>\n<meta property=\"og:description\" content=\"Wir \u00f6ffnen T\u00fcren mit der Maus - dieses Jahr zum Thema &quot;Spannende Verbindungen&quot;!\" \/>\n<meta property=\"og:url\" content=\"https:\/\/smart-pro.org\/en\/blog\/2022\/09\/06\/tueren-auf-maus-2022\/\" \/>\n<meta property=\"og:site_name\" content=\"SmartPro \u2013 Key to Smart Products\" \/>\n<meta property=\"article:published_time\" content=\"2022-09-06T08:15:04+00:00\" \/>\n<meta property=\"article:modified_time\" content=\"2022-10-27T14:04:31+00:00\" \/>\n<meta property=\"og:image\" content=\"https:\/\/smart-pro.org\/en\/wp-content\/uploads\/sites\/2\/2022\/08\/Kevin_Pham_DSC4416_150dpi.jpg\" \/>\n\t<meta property=\"og:image:width\" content=\"1920\" \/>\n\t<meta property=\"og:image:height\" content=\"1278\" \/>\n\t<meta property=\"og:image:type\" content=\"image\/jpeg\" \/>\n<meta name=\"author\" content=\"Anna Frank\" \/>\n<meta name=\"twitter:card\" content=\"summary_large_image\" \/>\n<meta name=\"twitter:label1\" content=\"Written by\" \/>\n\t<meta name=\"twitter:data1\" content=\"Anna Frank\" \/>\n\t<meta name=\"twitter:label2\" content=\"Estimated reading time\" \/>\n\t<meta name=\"twitter:data2\" content=\"3 minutes\" \/>\n<script type=\"application\/ld+json\" class=\"yoast-schema-graph\">{\"@context\":\"https:\/\/schema.org\",\"@graph\":[{\"@type\":\"WebPage\",\"@id\":\"https:\/\/smart-pro.org\/en\/blog\/2022\/09\/06\/tueren-auf-maus-2022\/\",\"url\":\"https:\/\/smart-pro.org\/en\/blog\/2022\/09\/06\/tueren-auf-maus-2022\/\",\"name\":\"T\u00fcren auf mit der Maus! - SmartPro \u2013 Key to Smart Products\",\"isPartOf\":{\"@id\":\"https:\/\/smart-pro.org\/en\/#website\"},\"primaryImageOfPage\":{\"@id\":\"https:\/\/smart-pro.org\/en\/blog\/2022\/09\/06\/tueren-auf-maus-2022\/#primaryimage\"},\"image\":{\"@id\":\"https:\/\/smart-pro.org\/en\/blog\/2022\/09\/06\/tueren-auf-maus-2022\/#primaryimage\"},\"thumbnailUrl\":\"https:\/\/smart-pro.org\/en\/wp-content\/uploads\/sites\/2\/2022\/08\/Kevin_Pham_DSC4416_150dpi.jpg\",\"datePublished\":\"2022-09-06T08:15:04+00:00\",\"dateModified\":\"2022-10-27T14:04:31+00:00\",\"author\":{\"@id\":\"https:\/\/smart-pro.org\/en\/#\/schema\/person\/f88d179124646b04919b9900a0f9c690\"},\"breadcrumb\":{\"@id\":\"https:\/\/smart-pro.org\/en\/blog\/2022\/09\/06\/tueren-auf-maus-2022\/#breadcrumb\"},\"inLanguage\":\"en-GB\",\"potentialAction\":[{\"@type\":\"ReadAction\",\"target\":[\"https:\/\/smart-pro.org\/en\/blog\/2022\/09\/06\/tueren-auf-maus-2022\/\"]}]},{\"@type\":\"ImageObject\",\"inLanguage\":\"en-GB\",\"@id\":\"https:\/\/smart-pro.org\/en\/blog\/2022\/09\/06\/tueren-auf-maus-2022\/#primaryimage\",\"url\":\"https:\/\/smart-pro.org\/en\/wp-content\/uploads\/sites\/2\/2022\/08\/Kevin_Pham_DSC4416_150dpi.jpg\",\"contentUrl\":\"https:\/\/smart-pro.org\/en\/wp-content\/uploads\/sites\/2\/2022\/08\/Kevin_Pham_DSC4416_150dpi.jpg\",\"width\":1920,\"height\":1278},{\"@type\":\"BreadcrumbList\",\"@id\":\"https:\/\/smart-pro.org\/en\/blog\/2022\/09\/06\/tueren-auf-maus-2022\/#breadcrumb\",\"itemListElement\":[{\"@type\":\"ListItem\",\"position\":1,\"name\":\"Home\",\"item\":\"https:\/\/smart-pro.org\/en\/\"},{\"@type\":\"ListItem\",\"position\":2,\"name\":\"T\u00fcren auf mit der Maus!\"}]},{\"@type\":\"WebSite\",\"@id\":\"https:\/\/smart-pro.org\/en\/#website\",\"url\":\"https:\/\/smart-pro.org\/en\/\",\"name\":\"SmartPro \u2013 Key to Smart Products\",\"description\":\"Klimaschutz durch Energie- und Ressourceneffizienz\",\"potentialAction\":[{\"@type\":\"SearchAction\",\"target\":{\"@type\":\"EntryPoint\",\"urlTemplate\":\"https:\/\/smart-pro.org\/en\/?s={search_term_string}\"},\"query-input\":{\"@type\":\"PropertyValueSpecification\",\"valueRequired\":true,\"valueName\":\"search_term_string\"}}],\"inLanguage\":\"en-GB\"},{\"@type\":\"Person\",\"@id\":\"https:\/\/smart-pro.org\/en\/#\/schema\/person\/f88d179124646b04919b9900a0f9c690\",\"name\":\"Anna Frank\",\"image\":{\"@type\":\"ImageObject\",\"inLanguage\":\"en-GB\",\"@id\":\"https:\/\/smart-pro.org\/en\/#\/schema\/person\/image\/\",\"url\":\"https:\/\/secure.gravatar.com\/avatar\/fe0c392fdee23b592c0289014e9ea023?s=96&d=mm&r=g\",\"contentUrl\":\"https:\/\/secure.gravatar.com\/avatar\/fe0c392fdee23b592c0289014e9ea023?s=96&d=mm&r=g\",\"caption\":\"Anna Frank\"},\"url\":\"https:\/\/smart-pro.org\/en\/blog\/author\/anna_frank\/\"}]}<\/script>\n<!-- \/ Yoast SEO plugin. -->","yoast_head_json":{"title":"T\u00fcren auf mit der Maus! - SmartPro \u2013 Key to Smart Products","robots":{"index":"index","follow":"follow","max-snippet":"max-snippet:-1","max-image-preview":"max-image-preview:large","max-video-preview":"max-video-preview:-1"},"canonical":"https:\/\/smart-pro.org\/en\/blog\/2022\/09\/06\/tueren-auf-maus-2022\/","og_locale":"en_GB","og_type":"article","og_title":"T\u00fcren auf mit der Maus! - SmartPro \u2013 Key to Smart Products","og_description":"Wir \u00f6ffnen T\u00fcren mit der Maus - dieses Jahr zum Thema \"Spannende Verbindungen\"!","og_url":"https:\/\/smart-pro.org\/en\/blog\/2022\/09\/06\/tueren-auf-maus-2022\/","og_site_name":"SmartPro \u2013 Key to Smart Products","article_published_time":"2022-09-06T08:15:04+00:00","article_modified_time":"2022-10-27T14:04:31+00:00","og_image":[{"width":1920,"height":1278,"url":"https:\/\/smart-pro.org\/en\/wp-content\/uploads\/sites\/2\/2022\/08\/Kevin_Pham_DSC4416_150dpi.jpg","type":"image\/jpeg"}],"author":"Anna Frank","twitter_card":"summary_large_image","twitter_misc":{"Written by":"Anna Frank","Estimated reading time":"3 minutes"},"schema":{"@context":"https:\/\/schema.org","@graph":[{"@type":"WebPage","@id":"https:\/\/smart-pro.org\/en\/blog\/2022\/09\/06\/tueren-auf-maus-2022\/","url":"https:\/\/smart-pro.org\/en\/blog\/2022\/09\/06\/tueren-auf-maus-2022\/","name":"T\u00fcren auf mit der Maus! - SmartPro \u2013 Key to Smart Products","isPartOf":{"@id":"https:\/\/smart-pro.org\/en\/#website"},"primaryImageOfPage":{"@id":"https:\/\/smart-pro.org\/en\/blog\/2022\/09\/06\/tueren-auf-maus-2022\/#primaryimage"},"image":{"@id":"https:\/\/smart-pro.org\/en\/blog\/2022\/09\/06\/tueren-auf-maus-2022\/#primaryimage"},"thumbnailUrl":"https:\/\/smart-pro.org\/en\/wp-content\/uploads\/sites\/2\/2022\/08\/Kevin_Pham_DSC4416_150dpi.jpg","datePublished":"2022-09-06T08:15:04+00:00","dateModified":"2022-10-27T14:04:31+00:00","author":{"@id":"https:\/\/smart-pro.org\/en\/#\/schema\/person\/f88d179124646b04919b9900a0f9c690"},"breadcrumb":{"@id":"https:\/\/smart-pro.org\/en\/blog\/2022\/09\/06\/tueren-auf-maus-2022\/#breadcrumb"},"inLanguage":"en-GB","potentialAction":[{"@type":"ReadAction","target":["https:\/\/smart-pro.org\/en\/blog\/2022\/09\/06\/tueren-auf-maus-2022\/"]}]},{"@type":"ImageObject","inLanguage":"en-GB","@id":"https:\/\/smart-pro.org\/en\/blog\/2022\/09\/06\/tueren-auf-maus-2022\/#primaryimage","url":"https:\/\/smart-pro.org\/en\/wp-content\/uploads\/sites\/2\/2022\/08\/Kevin_Pham_DSC4416_150dpi.jpg","contentUrl":"https:\/\/smart-pro.org\/en\/wp-content\/uploads\/sites\/2\/2022\/08\/Kevin_Pham_DSC4416_150dpi.jpg","width":1920,"height":1278},{"@type":"BreadcrumbList","@id":"https:\/\/smart-pro.org\/en\/blog\/2022\/09\/06\/tueren-auf-maus-2022\/#breadcrumb","itemListElement":[{"@type":"ListItem","position":1,"name":"Home","item":"https:\/\/smart-pro.org\/en\/"},{"@type":"ListItem","position":2,"name":"T\u00fcren auf mit der Maus!"}]},{"@type":"WebSite","@id":"https:\/\/smart-pro.org\/en\/#website","url":"https:\/\/smart-pro.org\/en\/","name":"SmartPro \u2013 Key to Smart Products","description":"Klimaschutz durch Energie- und Ressourceneffizienz","potentialAction":[{"@type":"SearchAction","target":{"@type":"EntryPoint","urlTemplate":"https:\/\/smart-pro.org\/en\/?s={search_term_string}"},"query-input":{"@type":"PropertyValueSpecification","valueRequired":true,"valueName":"search_term_string"}}],"inLanguage":"en-GB"},{"@type":"Person","@id":"https:\/\/smart-pro.org\/en\/#\/schema\/person\/f88d179124646b04919b9900a0f9c690","name":"Anna Frank","image":{"@type":"ImageObject","inLanguage":"en-GB","@id":"https:\/\/smart-pro.org\/en\/#\/schema\/person\/image\/","url":"https:\/\/secure.gravatar.com\/avatar\/fe0c392fdee23b592c0289014e9ea023?s=96&d=mm&r=g","contentUrl":"https:\/\/secure.gravatar.com\/avatar\/fe0c392fdee23b592c0289014e9ea023?s=96&d=mm&r=g","caption":"Anna Frank"},"url":"https:\/\/smart-pro.org\/en\/blog\/author\/anna_frank\/"}]}},"_links":{"self":[{"href":"https:\/\/smart-pro.org\/en\/wp-json\/wp\/v2\/posts\/9818","targetHints":{"allow":["GET"]}}],"collection":[{"href":"https:\/\/smart-pro.org\/en\/wp-json\/wp\/v2\/posts"}],"about":[{"href":"https:\/\/smart-pro.org\/en\/wp-json\/wp\/v2\/types\/post"}],"author":[{"embeddable":true,"href":"https:\/\/smart-pro.org\/en\/wp-json\/wp\/v2\/users\/5"}],"replies":[{"embeddable":true,"href":"https:\/\/smart-pro.org\/en\/wp-json\/wp\/v2\/comments?post=9818"}],"version-history":[{"count":21,"href":"https:\/\/smart-pro.org\/en\/wp-json\/wp\/v2\/posts\/9818\/revisions"}],"predecessor-version":[{"id":10059,"href":"https:\/\/smart-pro.org\/en\/wp-json\/wp\/v2\/posts\/9818\/revisions\/10059"}],"wp:featuredmedia":[{"embeddable":true,"href":"https:\/\/smart-pro.org\/en\/wp-json\/wp\/v2\/media\/9854"}],"wp:attachment":[{"href":"https:\/\/smart-pro.org\/en\/wp-json\/wp\/v2\/media?parent=9818"}],"wp:term":[{"taxonomy":"category","embeddable":true,"href":"https:\/\/smart-pro.org\/en\/wp-json\/wp\/v2\/categories?post=9818"},{"taxonomy":"post_tag","embeddable":true,"href":"https:\/\/smart-pro.org\/en\/wp-json\/wp\/v2\/tags?post=9818"}],"curies":[{"name":"wp","href":"https:\/\/api.w.org\/{rel}","templated":true}]}}